{"id":63824,"date":"2019-11-11T10:12:05","date_gmt":"2019-11-11T13:12:05","guid":{"rendered":"https:\/\/eldiariodesanpedro.com.ar\/sitio\/?p=63824"},"modified":"2019-11-11T10:12:09","modified_gmt":"2019-11-11T13:12:09","slug":"zarate-pidio-ayuda-a-la-policia-porque-habia-dos-sospechosos-en-su-casa-le-encontraron-una-plantacion-de-marihuana","status":"publish","type":"post","link":"https:\/\/eldiariodesanpedro.com.ar\/sitio\/zarate-pidio-ayuda-a-la-policia-porque-habia-dos-sospechosos-en-su-casa-le-encontraron-una-plantacion-de-marihuana\/","title":{"rendered":"Z\u00c1RATE | Pidi\u00f3 ayuda a la Polic\u00eda porque hab\u00eda dos sospechosos en su casa. Le encontraron una plantaci\u00f3n de marihuana"},"content":{"rendered":"<!-- VideographyWP Plugin Message: Automatic video embedding prevented by plugin options. -->\n\n<p>Una vecina llam\u00f3 al 911 denunciando la presencia de dos sujetos sospechosos en su domicilio\u00a0 y el Comando de Patrulla de Campana, acudi\u00f3 al alerta pero se encontr\u00f3 con una plantaci\u00f3n de marihuana.<\/p>\n\n\n\n<p>Cuando el personal ingres\u00f3 a la vivienda se encontr\u00f3 con un gazebo a modo de invernadero, donde hab\u00eda 26 plantas de cannabis y varios elementos para la preparaci\u00f3n, consumo y comercializaci\u00f3n.<\/p>\n\n\n\n<p>Tambi\u00e9n se secuestro un revolver\u00a0 calibre 38, con 8 cartuchos y una escopeta. Intervino el Dr. Guevara, instructor judicial en turno del \u00e1rea ley 23.737 del departamento judicial Z\u00e1rate-Campana.<\/p>\n\n\n\n<p>El hecho se registr\u00f3 en una vivienda&nbsp;ubicada en la intersecci\u00f3n de las calles H. Ber\u00f3n y Cueli del barrio Los Pioneros.<\/p>\n\n\n\n<p>FUENTE<strong>: Campana Online<\/strong><\/p>\n","protected":false},"excerpt":{"rendered":"<p>Una vecina llam\u00f3 al 911 denunciando la presencia de dos sujetos sospechosos en su domicilio\u00a0 y el Comando de Patrulla de Campana, acudi\u00f3 al alerta pero se encontr\u00f3 con una plantaci\u00f3n de marihuana. Cuando el personal ingres\u00f3 a la vivienda se encontr\u00f3 con un gazebo a modo de invernadero, donde hab\u00eda 26 plantas de cannabis [&hellip;]<\/p>\n","protected":false},"author":4,"featured_media":63825,"comment_status":"open","ping_status":"closed","sticky":false,"template":"","format":"standard","meta":{"om_disable_all_campaigns":false,"_jetpack_memberships_contains_paid_content":false,"footnotes":""},"categories":[621],"tags":[],"class_list":["post-63824","post","type-post","status-publish","format-standard","has-post-thumbnail","hentry","category-regionales"],"aioseo_notices":[],"gutentor_comment":0,"jetpack_featured_media_url":"https:\/\/eldiariodesanpedro.com.ar\/sitio\/wp-content\/uploads\/2019\/11\/WhatsApp-Image-2019-11-08-at-16.01.42-1-696x522_658x400.jpeg","jetpack_shortlink":"https:\/\/wp.me\/p6RhLt-gBq","jetpack_sharing_enabled":true,"_links":{"self":[{"href":"https:\/\/eldiariodesanpedro.com.ar\/sitio\/wp-json\/wp\/v2\/posts\/63824","targetHints":{"allow":["GET"]}}],"collection":[{"href":"https:\/\/eldiariodesanpedro.com.ar\/sitio\/wp-json\/wp\/v2\/posts"}],"about":[{"href":"https:\/\/eldiariodesanpedro.com.ar\/sitio\/wp-json\/wp\/v2\/types\/post"}],"author":[{"embeddable":true,"href":"https:\/\/eldiariodesanpedro.com.ar\/sitio\/wp-json\/wp\/v2\/users\/4"}],"replies":[{"embeddable":true,"href":"https:\/\/eldiariodesanpedro.com.ar\/sitio\/wp-json\/wp\/v2\/comments?post=63824"}],"version-history":[{"count":1,"href":"https:\/\/eldiariodesanpedro.com.ar\/sitio\/wp-json\/wp\/v2\/posts\/63824\/revisions"}],"predecessor-version":[{"id":63826,"href":"https:\/\/eldiariodesanpedro.com.ar\/sitio\/wp-json\/wp\/v2\/posts\/63824\/revisions\/63826"}],"wp:featuredmedia":[{"embeddable":true,"href":"https:\/\/eldiariodesanpedro.com.ar\/sitio\/wp-json\/wp\/v2\/media\/63825"}],"wp:attachment":[{"href":"https:\/\/eldiariodesanpedro.com.ar\/sitio\/wp-json\/wp\/v2\/media?parent=63824"}],"wp:term":[{"taxonomy":"category","embeddable":true,"href":"https:\/\/eldiariodesanpedro.com.ar\/sitio\/wp-json\/wp\/v2\/categories?post=63824"},{"taxonomy":"post_tag","embeddable":true,"href":"https:\/\/eldiariodesanpedro.com.ar\/sitio\/wp-json\/wp\/v2\/tags?post=63824"}],"curies":[{"name":"wp","href":"https:\/\/api.w.org\/{rel}","templated":true}]}}