{"id":63814,"date":"2019-11-11T10:04:58","date_gmt":"2019-11-11T13:04:58","guid":{"rendered":"https:\/\/eldiariodesanpedro.com.ar\/sitio\/?p=63814"},"modified":"2019-11-11T10:05:03","modified_gmt":"2019-11-11T13:05:03","slug":"baradero-la-transicion-antonijevic-mantuvo-una-reunion-de-3-horas-con-sanzio","status":"publish","type":"post","link":"https:\/\/eldiariodesanpedro.com.ar\/sitio\/baradero-la-transicion-antonijevic-mantuvo-una-reunion-de-3-horas-con-sanzio\/","title":{"rendered":"BARADERO | La transici\u00f3n Antonijevic mantuvo una reuni\u00f3n de 3 horas con Sanzio"},"content":{"rendered":"<!-- VideographyWP Plugin Message: Automatic video embedding prevented by plugin options. -->\n\n<p> La intendenta, que finaliza su mandato, brind\u00f3 detalles al intendente electo Esteban Sanzio. Le entreg\u00f3 un modelo de transici\u00f3n ordenada y le cont\u00f3 sobre las obras proyectadas para el 2020 entre la que est\u00e1 el entubamiento de las calles Pringles y Ant\u00e1rtida Argentina. La jefa comunal confirm\u00f3 que el pago de salarios est\u00e1 asegurado. Para los aguinaldos, Sanzio tendr\u00e1 que pedirle ayuda a Kicillof. Con los proveedores est\u00e1n al d\u00eda.<\/p>\n\n\n\n<p>-\u00bfQu\u00e9 hablaron en la reuni\u00f3n con Sanzio por el tema de la transici\u00f3n?<br>-Le cont\u00e9 todo lo que hicimos y qu\u00e9 proyectos siguen vigentes para que \u00e9l los contin\u00fae. Hay obras que est\u00e1n pronta a concretarse como el entubamiento de la calle Ant\u00e1rtida y calle Pringles. El proyecto ya est\u00e1 avalado, est\u00e1n aprobados los fondos que son internacionales y hay que tomar decisiones ahora para saber si se publica la licitaci\u00f3n o no. Hay muchos temas que por el bien de Baradero necesitamos ponernos de acuerdo.<br><br>-\u00bfY Sanzio qu\u00e9 inter\u00e9s mostr\u00f3 en continuar obras que iniciaron ustedes?<br>-Est\u00e1 muy interesado en que se pueda concretar. Hay una formalidad del Tribunal de Cuentas que es un dictamen. Pero lo vi bien predispuesto para hacer todo lo que se pueda. Otro ejemplo, es el Laboratorio Tecnol\u00f3gico que se est\u00e1 construyendo en el primer piso del Centro Universitario, ya tenemos los pisos de pocelanato, que son 330 metros cuadrados, y tambi\u00e9n la materia prima para construir las aberturas que nosotros \u00edbamos a colocar en ese lugar. Pero tambi\u00e9n si la Escuela de M\u00fasica funciona en el edificio construido en el Cementerio Aborigen, las aberturas podr\u00edan colocarse all\u00ed. As\u00ed, te puedo contar varias situaciones. El tema es que los vamos a poner al tanto de todo, de cu\u00e1les eran nuestras ideas y despu\u00e9s ellos tomar\u00e1n sus decisiones.<br><\/p>\n\n\n\n<p>-Todo lo contrario a lo que les pas\u00f3 a ustedes cuando asumieron\u2026<br>-Exacto. Cuando asumimos en 2015 tuvimos que ir encontrando las cosas de a poco, estaban casi escondidas. Una falta de colaboraci\u00f3n total. Un desorden general. Eso le hace mal a la ciudad, no al que asume. Pero nosotros tenemos otra mirada de la pol\u00edtica, no le \u00edbamos a hacer lo mismo a ellos. Esto se trata de ser responsables con la ciudadan\u00eda.<\/p>\n\n\n\n<p>-\u00bfEn qu\u00e9 situaci\u00f3n econ\u00f3mica van a dejar al municipio?<br>-Ordenamos bastante la cuentas, con cierre de ejercicios casi perfectos. Lo \u00fanico, es la ayuda financiera que hemos necesitado para el pago de aguinaldos, sobre todo en este 2019 que fue inestable en lo econ\u00f3mico. Esto se lo coment\u00e9 y es por eso que Sanzio se iba juntar con Kicillof. Tenemos cr\u00e9ditos del Ministerio del Interior que a\u00fan no hizo el dep\u00f3sito de las \u00faltimas certificaciones de obras nacionales.-\u00bfO sea que en diciembre est\u00e1n asegurados los salarios y aguinaldo?-Nosotros venimos ordenados, pagando al d\u00eda. Para los aguinaldos van a necesitar una ayuda, como ocurri\u00f3 siempre.<\/p>\n\n\n\n<p>-\u00bfCon los proveedores est\u00e1n al d\u00eda?<br>-S\u00ed. Cuando\u00a0 asumimos hab\u00eda proveedores a los que les dejaron debiendo 9 meses. Nos pusimos al d\u00eda y ahora est\u00e1n dentro del proceso de pago municipal que es a 60 d\u00edas. Vamos a entregar un municipio muy ordenando, con dificultades financieras como todos los municipios porque este 2019 fue catastr\u00f3fico no solo para el bolsillo de la gente sino tambi\u00e9n para la administraci\u00f3n p\u00fablica.<\/p>\n\n\n\n<p>-\u00bfTodo se encamina a una transici\u00f3n ordenada?<br>-Por su puesto, tenemos un modelo de transici\u00f3n responsable que busca mejorar las pr\u00e1cticas pol\u00edticas, que consta en un relevamiento de todas las \u00e1reas, de ese trabajo surge una rendici\u00f3n final de todas los sectores. A Sanzio ya le entregu\u00e9 cu\u00e1l es el modelo que vamos a aplicar y cuando est\u00e9n los resultados se lo voy a acercar. Tambi\u00e9n iniciamos una agenda de reuniones entre el equipo saliente con los funcionarios que van a ingresar.<\/p>\n\n\n\n<p>-\u00bfEl presupuesto 2020 lo van a armar en conjunto?<br>-Por empezar se va a pedir una pr\u00f3rroga para presentarlo ante el Concejo Deliberante. Ellos por ahora est\u00e1n definiendo a su equipo, por ahora no tienen armado un presupuesto. Nosotros le vamos a acercar lo que tenemos y tambi\u00e9n ellos pueden venir a la Municipalidad a buscar lo datos que necesiten. En 2015 nosotros tomamos contacto con el \u00e1rea de presupuesto despu\u00e9s del 10 de diciembre. No queremos que le pase lo mismo.<\/p>\n\n\n\n<p>-\u00bfY con el Festival de M\u00fasica Popular?<br>-Las conversaciones con los artistas est\u00e1n iniciadas pero no cerramos ninguna contrataci\u00f3n porque no pod\u00edamos ser irresponsables. Hab\u00eda que esperar a las elecciones. Y los artistas tambi\u00e9n sabe c\u00f3mo son las cosas en \u00e9poca electoral cuando se pone en juego la intendencia. A nosotros nos pas\u00f3 en 2015 que Abel Pintos, Soledad y Luciano Pereyra no quer\u00edan venir porque tuvieron problemas con la administraci\u00f3n anterior. Remontamos esa situaci\u00f3n y vinieron esos artistas. Para eso, modificamos las condiciones de transparencia en los pagos. A Sanzio le dije que se ponga en contacto con Marcos Barlatay y el equipo de Cultura y avancen con el tema del Festival que quieren armar ellos.<\/p>\n\n\n\n<p>-\u00bfVan a tener la mayor\u00eda en el Concejo, c\u00f3mo va a seguir siendo su participaci\u00f3n como l\u00edder de este espacio pol\u00edtico?<br>-Lo primero que debo remarcar es que somos un equipo de trabajo, tal vez por mi funci\u00f3n como intendenta es que se puede decir que lidero o encabezo, pero trabajamos en conjunto. Vamos a ser una oposici\u00f3n constructiva, voy a seguir defendiendo el legado. No solo en las obras que concretamos sino el legado de hacer pol\u00edtica de otra forma, de nuestros valores.<\/p>\n\n\n\n<p>-\u00bfQu\u00e9 implic\u00f3 no ganar la elecci\u00f3n?<br>-No ganar no implic\u00f3 dar un paso al costado y listo. Por el contrario, hay muchas personas que conf\u00edan en nosotros. Tuvimos m\u00e1s votos que en 2015. Y la opci\u00f3n del peronismo unido logr\u00f3 m\u00e1s votos, lo aceptamos. Pero nosotros no nos vamos a correr de la responsabilidad de quienes nos votaron. <\/p>\n\n\n\n<p>Fuente: Baradero Te Informa<\/p>\n","protected":false},"excerpt":{"rendered":"<p>La intendenta, que finaliza su mandato, brind\u00f3 detalles al intendente electo Esteban Sanzio. Le entreg\u00f3 un modelo de transici\u00f3n ordenada y le cont\u00f3 sobre las obras proyectadas para el 2020 entre la que est\u00e1 el entubamiento de las calles Pringles y Ant\u00e1rtida Argentina. La jefa comunal confirm\u00f3 que el pago de salarios est\u00e1 asegurado. Para [&hellip;]<\/p>\n","protected":false},"author":4,"featured_media":63815,"comment_status":"open","ping_status":"closed","sticky":false,"template":"","format":"standard","meta":{"om_disable_all_campaigns":false,"_jetpack_memberships_contains_paid_content":false,"footnotes":""},"categories":[621],"tags":[],"class_list":["post-63814","post","type-post","status-publish","format-standard","has-post-thumbnail","hentry","category-regionales"],"aioseo_notices":[],"gutentor_comment":0,"jetpack_featured_media_url":"https:\/\/eldiariodesanpedro.com.ar\/sitio\/wp-content\/uploads\/2019\/11\/Baradero.jpg","jetpack_shortlink":"https:\/\/wp.me\/p6RhLt-gBg","jetpack_sharing_enabled":true,"_links":{"self":[{"href":"https:\/\/eldiariodesanpedro.com.ar\/sitio\/wp-json\/wp\/v2\/posts\/63814","targetHints":{"allow":["GET"]}}],"collection":[{"href":"https:\/\/eldiariodesanpedro.com.ar\/sitio\/wp-json\/wp\/v2\/posts"}],"about":[{"href":"https:\/\/eldiariodesanpedro.com.ar\/sitio\/wp-json\/wp\/v2\/types\/post"}],"author":[{"embeddable":true,"href":"https:\/\/eldiariodesanpedro.com.ar\/sitio\/wp-json\/wp\/v2\/users\/4"}],"replies":[{"embeddable":true,"href":"https:\/\/eldiariodesanpedro.com.ar\/sitio\/wp-json\/wp\/v2\/comments?post=63814"}],"version-history":[{"count":1,"href":"https:\/\/eldiariodesanpedro.com.ar\/sitio\/wp-json\/wp\/v2\/posts\/63814\/revisions"}],"predecessor-version":[{"id":63816,"href":"https:\/\/eldiariodesanpedro.com.ar\/sitio\/wp-json\/wp\/v2\/posts\/63814\/revisions\/63816"}],"wp:featuredmedia":[{"embeddable":true,"href":"https:\/\/eldiariodesanpedro.com.ar\/sitio\/wp-json\/wp\/v2\/media\/63815"}],"wp:attachment":[{"href":"https:\/\/eldiariodesanpedro.com.ar\/sitio\/wp-json\/wp\/v2\/media?parent=63814"}],"wp:term":[{"taxonomy":"category","embeddable":true,"href":"https:\/\/eldiariodesanpedro.com.ar\/sitio\/wp-json\/wp\/v2\/categories?post=63814"},{"taxonomy":"post_tag","embeddable":true,"href":"https:\/\/eldiariodesanpedro.com.ar\/sitio\/wp-json\/wp\/v2\/tags?post=63814"}],"curies":[{"name":"wp","href":"https:\/\/api.w.org\/{rel}","templated":true}]}}