{"id":63811,"date":"2019-11-11T10:01:10","date_gmt":"2019-11-11T13:01:10","guid":{"rendered":"https:\/\/eldiariodesanpedro.com.ar\/sitio\/?p=63811"},"modified":"2019-11-11T10:01:14","modified_gmt":"2019-11-11T13:01:14","slug":"ramallo-el-supuesto-asesino-de-daiana-no-se-acuerda-de-nada-y-tiene-antecedentes","status":"publish","type":"post","link":"https:\/\/eldiariodesanpedro.com.ar\/sitio\/ramallo-el-supuesto-asesino-de-daiana-no-se-acuerda-de-nada-y-tiene-antecedentes\/","title":{"rendered":"RAMALLO | El supuesto asesino de Daiana \u201cno se acuerda de nada\u201d y tiene antecedentes"},"content":{"rendered":"<!-- VideographyWP Plugin Message: Automatic video embedding prevented by plugin options. -->\n\n<p>El domingo, el Fiscal Dr. Ariel Tempo indag\u00f3 a Miguel \u00c1ngel Nievas, tras ser detenido el viernes a \u00faltima hora de la tarde y sindicado por asesinar en la madrugada del jueves a Daiana Almeida, tras salir del Hospital San Felipe, donde se desempe\u00f1aba hace 6 a\u00f1os como enfermera profesional.<\/p>\n\n\n\n<p>Seg\u00fan el medio nicole\u00f1o&nbsp;<a href=\"https:\/\/www.facebook.com\/permalink.php?story_fbid=2471090163134891&amp;id=1842402119337035&amp;__xts__%5B0%5D=68.ARCWpKiyJmL21-6bJ2gEW52gfeb3lxYDedSCkwQzkn7RMtIKVgL5VsWH1TS0HmmQTMeORPJbNozmMMV4QmRfw3PzqR2nb5t2vGT7JV4tWI5ktR-BTEkOdmwROxi8J3euZMZ0lziyisqm3jwh6kirCPeMQjrm01b9AsP_tmTCPs3G62vBdk7AY4W2O7c_f492UxXtvXgkht-qfBqc5aVbRaTxOuPcXxdx99y00qQl0Pqw0tIaqa9yQgBf86YUaBxy3k1amRfMvLlbNJ9Sbsy13aRhG6O14KfHp3VU6WjgTU-xUhERf1VU1HbTNj7AwsOx2BNdSUff3xcRfIhmQlEQ40P3n2nv&amp;__tn__=-R\">Flash 24<\/a>, Nievas se habr\u00eda negado a declarar ante Tempo argumentando que no recordaba nada de lo que hizo por estar ebrio. La imputaci\u00f3n que pesa sobre el alba\u00f1il de 31 a\u00f1os, que se desempe\u00f1aba en una obra frente al Hospital San Felipe, es de privaci\u00f3n ileg\u00edtima de la libertad agravada, homicidio criminis causa, homicidio agravado por violencia de g\u00e9nero y abuso sexual seguido de muerte<\/p>\n\n\n\n<p>El hecho es a\u00fan m\u00e1s grabe ya que se trata de un sospechoso con antecedentes penales por homicidio, abuso sexual y robo.<\/p>\n\n\n\n<p>Daiana, enfermera del nosocomio nicole\u00f1o, se iba a casar el pr\u00f3ximo 1 de febrero, seg\u00fan cont\u00f3 su madre Silvia Gareca al mencionado medio.<\/p>\n\n\n\n<p>Vale recordar que Miguel Angel Nievas hab\u00eda asesinado el 16 de enero de 2012 a Rub\u00e9n Agust\u00edn Vivas, en un hecho desencadenado en el Barrio Moreno de San Nicol\u00e1s. Por este hecho, no alcanz\u00f3 a cumplir ni 3 a\u00f1os de condena, bajo la car\u00e1tula de homicidio simple. El Juzgado de Ejecuci\u00f3n le dio llamativamente la libertad condicional, que cumpliment\u00f3 en marzo de 2018.<\/p>\n\n\n\n<p>El sospechoso le habr\u00eda manifestado su intenci\u00f3n de entregarse al Fiscal, aunque, minutos despu\u00e9s de las 19:00 de ayer, fue atrapado cuando caminaba a la vera de la Ruta 21, a la altura de Theobald y en direcci\u00f3n a Rosario.<\/p>\n\n\n\n<p>Fue revisado por el m\u00e9dico policial para establecer si presentaba lesiones corporales y si se pod\u00eda obtener alg\u00fan tipo de material gen\u00e9tico que permita relacionarlo con la v\u00edctima.<\/p>\n\n\n\n<p>Fuente: Ramallo Ciudad<\/p>\n","protected":false},"excerpt":{"rendered":"<p>El domingo, el Fiscal Dr. Ariel Tempo indag\u00f3 a Miguel \u00c1ngel Nievas, tras ser detenido el viernes a \u00faltima hora de la tarde y sindicado por asesinar en la madrugada del jueves a Daiana Almeida, tras salir del Hospital San Felipe, donde se desempe\u00f1aba hace 6 a\u00f1os como enfermera profesional. Seg\u00fan el medio nicole\u00f1o&nbsp;Flash 24, [&hellip;]<\/p>\n","protected":false},"author":4,"featured_media":63812,"comment_status":"open","ping_status":"closed","sticky":false,"template":"","format":"standard","meta":{"om_disable_all_campaigns":false,"_jetpack_memberships_contains_paid_content":false,"footnotes":""},"categories":[621],"tags":[],"class_list":["post-63811","post","type-post","status-publish","format-standard","has-post-thumbnail","hentry","category-regionales"],"aioseo_notices":[],"gutentor_comment":0,"jetpack_featured_media_url":"https:\/\/eldiariodesanpedro.com.ar\/sitio\/wp-content\/uploads\/2019\/11\/Nievas.jpg","jetpack_shortlink":"https:\/\/wp.me\/p6RhLt-gBd","jetpack_sharing_enabled":true,"_links":{"self":[{"href":"https:\/\/eldiariodesanpedro.com.ar\/sitio\/wp-json\/wp\/v2\/posts\/63811","targetHints":{"allow":["GET"]}}],"collection":[{"href":"https:\/\/eldiariodesanpedro.com.ar\/sitio\/wp-json\/wp\/v2\/posts"}],"about":[{"href":"https:\/\/eldiariodesanpedro.com.ar\/sitio\/wp-json\/wp\/v2\/types\/post"}],"author":[{"embeddable":true,"href":"https:\/\/eldiariodesanpedro.com.ar\/sitio\/wp-json\/wp\/v2\/users\/4"}],"replies":[{"embeddable":true,"href":"https:\/\/eldiariodesanpedro.com.ar\/sitio\/wp-json\/wp\/v2\/comments?post=63811"}],"version-history":[{"count":1,"href":"https:\/\/eldiariodesanpedro.com.ar\/sitio\/wp-json\/wp\/v2\/posts\/63811\/revisions"}],"predecessor-version":[{"id":63813,"href":"https:\/\/eldiariodesanpedro.com.ar\/sitio\/wp-json\/wp\/v2\/posts\/63811\/revisions\/63813"}],"wp:featuredmedia":[{"embeddable":true,"href":"https:\/\/eldiariodesanpedro.com.ar\/sitio\/wp-json\/wp\/v2\/media\/63812"}],"wp:attachment":[{"href":"https:\/\/eldiariodesanpedro.com.ar\/sitio\/wp-json\/wp\/v2\/media?parent=63811"}],"wp:term":[{"taxonomy":"category","embeddable":true,"href":"https:\/\/eldiariodesanpedro.com.ar\/sitio\/wp-json\/wp\/v2\/categories?post=63811"},{"taxonomy":"post_tag","embeddable":true,"href":"https:\/\/eldiariodesanpedro.com.ar\/sitio\/wp-json\/wp\/v2\/tags?post=63811"}],"curies":[{"name":"wp","href":"https:\/\/api.w.org\/{rel}","templated":true}]}}