{"id":63808,"date":"2019-11-11T12:13:26","date_gmt":"2019-11-11T15:13:26","guid":{"rendered":"https:\/\/eldiariodesanpedro.com.ar\/sitio\/?p=63808"},"modified":"2019-11-11T12:13:31","modified_gmt":"2019-11-11T15:13:31","slug":"karen-batle-participo-de-un-desfile-de-alta-costura-con-la-concientizacion-del-cancer-de-mama","status":"publish","type":"post","link":"https:\/\/eldiariodesanpedro.com.ar\/sitio\/karen-batle-participo-de-un-desfile-de-alta-costura-con-la-concientizacion-del-cancer-de-mama\/","title":{"rendered":"Karen Batle particip\u00f3 de un desfile de alta costura con la concientizaci\u00f3n del C\u00e1ncer de Mama"},"content":{"rendered":"<!-- VideographyWP Plugin Message: Automatic video embedding prevented by plugin options. -->\n\n<p>La escuela Nacional de modas realiza un desfile final anual con sus alumnos y con dise\u00f1adoras ya recibidas, este domingo fue el lanzamiento de la marca de una sampedrina Gisela Gonzalez, quien propuso dentro de su marca cerrar con Octubrerosa, con la concientizaci\u00f3n del c\u00e1ncer de mama.<\/p>\n\n\n\n<p> La dise\u00f1adora Gisela Gonz\u00e1lez, se instal\u00f3 hace dos a\u00f1os en Capital Federal, desde donde desarrollo su trabajo. En la actualidad se encuentra desarroll\u00e1ndose como ayudante de coach en el programa de Corte y Confecci\u00f3n emitido por canal 13, como parte del staff no permanente de la Escuela Argentina de Moda.  <br> Se la puede contratar  a trav\u00e9s de las redes sociales o v\u00eda telef\u00f3nico, en la actualidad, se encuentra viajando una vez por mes a San Pedro, donde realiza las pruebas y entrega de vestidos a sus clientes. <\/p>\n\n\n\n<p>Hace un tiempo le pide a Karen que la represente con su moda, pide autorizaci\u00f3n a la Directora de la escuela de moda para ver si la autorizaba a que una paciente oncologica en tratamiento pod\u00eda desfilar con el objetivo de concientizar y la respuesta fue SI.<\/p>\n\n\n\n<p>\u00abMi ultima quimio  me produce la ca\u00edda de mi cabello entonces le planteo a Gisela que no creo tener pelo para el 10 de noviembre, justo pasa que una modelo de Espa\u00f1a, muy reconocida, tuitea que le detectaron c\u00e1ncer y la agencia donde trabajaba la echa, entonces les pareci\u00f3 un buen motivo que yo desfilara as\u00ed, el hecho de que este enferma de c\u00e1ncer no impide que pueda lucir un dise\u00f1o de alta costura\u00bb, contaba Karen en una entrevista exclusiva con el Diario.<\/p>\n\n\n\n<p>\u00abFue muy emocionante, todos aplaud\u00edan, me sent\u00ed una reina y esa era la idea, Gisela es un amor de persona que con su colecci\u00f3n busca la integraci\u00f3n, todos sus modelos es para  \u00abUna colecci\u00f3n pensada para una mujer real como dice ella, para las personas discapacitadas, en silla de ruedas, para todas\u00bb.<\/p>\n\n\n\n<p> En el marco del EA Moda Emergente  un evento organizado por la Escuela Argentina de Modas y con la producci\u00f3n de Guillermo Azar,  Gisela Gonzales presenta \u201cNinfas\u00bb.<\/p>\n\n\n\n<p>La colecci\u00f3n cont\u00f3 con un cierre especial como parte de su homenaje al mes de Octubre Rosa campa\u00f1a de detecci\u00f3n temprana de c\u00e1ncer de mama. <\/p>\n\n\n\n<p> \u00abEn esta colecci\u00f3n me inspire en las diferentes formas y car\u00e1cter de las ninfas. Creo que identifican a las mujeres de hoy en la variedad de pensamientos y car\u00e1cter.\u00bb, afirm\u00f3.<br> <\/p>\n\n\n\n<p>La colecci\u00f3n cont\u00f3 con varias morfolog\u00edas y textiles, con seis dise\u00f1os en los que predomin\u00f3 una paleta color monocrom\u00e1tica y en la que se pudo ver faldas largas, cortas y pantalones. Otro detalle caracter\u00edstico de la marca es ya su escote y uso de las transparencias. <\/p>\n\n\n\n<p>El cierre de oro lo dio la pasada de la sampedrina Karen Batle, quien hizo su presencia a modo de concientizaci\u00f3n del c\u00e1ncer de mama. Batle lucio un pantal\u00f3n natural  y una blusa de tul bordado en pedrer\u00eda con capucha, la cual se retir\u00f3 en el final de la pasarela en medio de una mar de aplausos. <\/p>\n\n\n\n<ul class=\"wp-block-gallery columns-2 is-cropped wp-block-gallery-1 is-layout-flex wp-block-gallery-is-layout-flex\"><li class=\"blocks-gallery-item\"><figure><img decoding=\"async\" width=\"720\" height=\"960\" data-attachment-id=\"63838\" data-permalink=\"https:\/\/eldiariodesanpedro.com.ar\/sitio\/karen-batle-participo-de-un-desfile-de-alta-costura-con-la-concientizacion-del-cancer-de-mama\/72966649_2306250619497803_8499170478357741568_n\/\" data-orig-file=\"https:\/\/eldiariodesanpedro.com.ar\/sitio\/wp-content\/uploads\/2019\/11\/72966649_2306250619497803_8499170478357741568_n.jpg\" data-orig-size=\"720,960\" data-comments-opened=\"1\" data-image-meta=\"{&quot;aperture&quot;:&quot;0&quot;,&quot;credit&quot;:&quot;&quot;,&quot;camera&quot;:&quot;&quot;,&quot;caption&quot;:&quot;&quot;,&quot;created_timestamp&quot;:&quot;0&quot;,&quot;copyright&quot;:&quot;&quot;,&quot;focal_length&quot;:&quot;0&quot;,&quot;iso&quot;:&quot;0&quot;,&quot;shutter_speed&quot;:&quot;0&quot;,&quot;title&quot;:&quot;&quot;,&quot;orientation&quot;:&quot;0&quot;}\" data-image-title=\"72966649_2306250619497803_8499170478357741568_n\" data-image-description=\"\" data-image-caption=\"\" data-large-file=\"https:\/\/eldiariodesanpedro.com.ar\/sitio\/wp-content\/uploads\/2019\/11\/72966649_2306250619497803_8499170478357741568_n.jpg\" data-src=\"https:\/\/eldiariodesanpedro.com.ar\/sitio\/wp-content\/uploads\/2019\/11\/72966649_2306250619497803_8499170478357741568_n.jpg\" alt=\"\" data-id=\"63838\" data-link=\"https:\/\/eldiariodesanpedro.com.ar\/sitio\/?attachment_id=63838\" class=\"wp-image-63838 lazyload\" data-srcset=\"https:\/\/eldiariodesanpedro.com.ar\/sitio\/wp-content\/uploads\/2019\/11\/72966649_2306250619497803_8499170478357741568_n.jpg 720w, https:\/\/eldiariodesanpedro.com.ar\/sitio\/wp-content\/uploads\/2019\/11\/72966649_2306250619497803_8499170478357741568_n-225x300.jpg 225w\" data-sizes=\"(max-width: 720px) 100vw, 720px\" src=\"data:image\/svg+xml;base64,PHN2ZyB3aWR0aD0iMSIgaGVpZ2h0PSIxIiB4bWxucz0iaHR0cDovL3d3dy53My5vcmcvMjAwMC9zdmciPjwvc3ZnPg==\" style=\"--smush-placeholder-width: 720px; --smush-placeholder-aspect-ratio: 720\/960;\" \/><\/figure><\/li><li class=\"blocks-gallery-item\"><figure><img decoding=\"async\" width=\"720\" height=\"960\" data-attachment-id=\"63839\" data-permalink=\"https:\/\/eldiariodesanpedro.com.ar\/sitio\/karen-batle-participo-de-un-desfile-de-alta-costura-con-la-concientizacion-del-cancer-de-mama\/75485986_2306250719497793_3542719832988319744_n\/\" data-orig-file=\"https:\/\/eldiariodesanpedro.com.ar\/sitio\/wp-content\/uploads\/2019\/11\/75485986_2306250719497793_3542719832988319744_n.jpg\" data-orig-size=\"720,960\" data-comments-opened=\"1\" data-image-meta=\"{&quot;aperture&quot;:&quot;0&quot;,&quot;credit&quot;:&quot;&quot;,&quot;camera&quot;:&quot;&quot;,&quot;caption&quot;:&quot;&quot;,&quot;created_timestamp&quot;:&quot;0&quot;,&quot;copyright&quot;:&quot;&quot;,&quot;focal_length&quot;:&quot;0&quot;,&quot;iso&quot;:&quot;0&quot;,&quot;shutter_speed&quot;:&quot;0&quot;,&quot;title&quot;:&quot;&quot;,&quot;orientation&quot;:&quot;0&quot;}\" data-image-title=\"75485986_2306250719497793_3542719832988319744_n\" data-image-description=\"\" data-image-caption=\"\" data-large-file=\"https:\/\/eldiariodesanpedro.com.ar\/sitio\/wp-content\/uploads\/2019\/11\/75485986_2306250719497793_3542719832988319744_n.jpg\" data-src=\"https:\/\/eldiariodesanpedro.com.ar\/sitio\/wp-content\/uploads\/2019\/11\/75485986_2306250719497793_3542719832988319744_n.jpg\" alt=\"\" data-id=\"63839\" data-link=\"https:\/\/eldiariodesanpedro.com.ar\/sitio\/?attachment_id=63839\" class=\"wp-image-63839 lazyload\" data-srcset=\"https:\/\/eldiariodesanpedro.com.ar\/sitio\/wp-content\/uploads\/2019\/11\/75485986_2306250719497793_3542719832988319744_n.jpg 720w, https:\/\/eldiariodesanpedro.com.ar\/sitio\/wp-content\/uploads\/2019\/11\/75485986_2306250719497793_3542719832988319744_n-225x300.jpg 225w\" data-sizes=\"(max-width: 720px) 100vw, 720px\" src=\"data:image\/svg+xml;base64,PHN2ZyB3aWR0aD0iMSIgaGVpZ2h0PSIxIiB4bWxucz0iaHR0cDovL3d3dy53My5vcmcvMjAwMC9zdmciPjwvc3ZnPg==\" style=\"--smush-placeholder-width: 720px; --smush-placeholder-aspect-ratio: 720\/960;\" \/><\/figure><\/li><\/ul>\n\n\n\n<p>   <br> \u00abFue un gran momento para m\u00ed, es una forma de decir que la enfermedad no nos pudo. No hay nada que no podamos hacer y es una manera de mantener vivo el tema\u00bb expresaba Karen quien finalizo con la frase \u00abt\u00f3cate para que no te toque\u00bb, que es el slogan de la campa\u00f1a. <\/p>\n\n\n\n<p>Ademas en una extensa entrevista nuestra luchadora destaco la solidaridad de la gente de San Pedro siempre dispuesta a colaborar cuando no se consiguen los medicamentos y al intendente Cecilio Salazar.<\/p>\n\n\n\n<p>\u00abNecesitamos un lugar donde tanto como una persona con c\u00e1ncer pueda ser escuchado como un familiar, ellos necesitan entender como ayudar y lo importante que es la contenci\u00f3n\u00bb<\/p>\n\n\n\n<p>Entrevista completa:<\/p>\n\n\n\n<figure class=\"wp-block-embed-facebook wp-block-embed is-type-video is-provider-facebook\"><div class=\"wp-block-embed__wrapper\">\n<div class=\"fb-video\" data-allowfullscreen=\"true\" data-href=\"https:\/\/www.facebook.com\/eldiario.desanpedro\/videos\/475591350028386\/\" style=\"background-color: #fff; display: inline-block;\"><\/div>\n<\/div><\/figure>\n\n\n\n<p>Para m\u00e1s informaci\u00f3n y contacto con Gisela Gonzalez solo prensa:<br> Nombre del contacto de RR. PP.: Flavio S\u00e1nchez<br> N\u00famero de tel\u00e9fono    3329402121<br> Correo electr\u00f3nico: alesp38@gmail.com    <br> Redes Sociales:<br> Instagram: @giselagonzalezoficial<\/p>\n","protected":false},"excerpt":{"rendered":"<p>La escuela Nacional de modas realiza un desfile final anual con sus alumnos y con dise\u00f1adoras ya recibidas, este domingo fue el lanzamiento de la marca de una sampedrina Gisela Gonzalez, quien propuso dentro de su marca cerrar con Octubrerosa, con la concientizaci\u00f3n del c\u00e1ncer de mama. La dise\u00f1adora Gisela Gonz\u00e1lez, se instal\u00f3 hace dos [&hellip;]<\/p>\n","protected":false},"author":4,"featured_media":63840,"comment_status":"open","ping_status":"closed","sticky":false,"template":"","format":"standard","meta":{"om_disable_all_campaigns":false,"_jetpack_memberships_contains_paid_content":false,"footnotes":""},"categories":[50,101,2],"tags":[],"class_list":["post-63808","post","type-post","status-publish","format-standard","has-post-thumbnail","hentry","category-destacadas","category-interes-general-locales","category-locales"],"aioseo_notices":[],"gutentor_comment":0,"jetpack_featured_media_url":"https:\/\/eldiariodesanpedro.com.ar\/sitio\/wp-content\/uploads\/2019\/11\/WhatsApp-Image-2019-11-11-at-10.41.45-AM.jpeg","jetpack_shortlink":"https:\/\/wp.me\/p6RhLt-gBa","jetpack_sharing_enabled":true,"_links":{"self":[{"href":"https:\/\/eldiariodesanpedro.com.ar\/sitio\/wp-json\/wp\/v2\/posts\/63808","targetHints":{"allow":["GET"]}}],"collection":[{"href":"https:\/\/eldiariodesanpedro.com.ar\/sitio\/wp-json\/wp\/v2\/posts"}],"about":[{"href":"https:\/\/eldiariodesanpedro.com.ar\/sitio\/wp-json\/wp\/v2\/types\/post"}],"author":[{"embeddable":true,"href":"https:\/\/eldiariodesanpedro.com.ar\/sitio\/wp-json\/wp\/v2\/users\/4"}],"replies":[{"embeddable":true,"href":"https:\/\/eldiariodesanpedro.com.ar\/sitio\/wp-json\/wp\/v2\/comments?post=63808"}],"version-history":[{"count":2,"href":"https:\/\/eldiariodesanpedro.com.ar\/sitio\/wp-json\/wp\/v2\/posts\/63808\/revisions"}],"predecessor-version":[{"id":63841,"href":"https:\/\/eldiariodesanpedro.com.ar\/sitio\/wp-json\/wp\/v2\/posts\/63808\/revisions\/63841"}],"wp:featuredmedia":[{"embeddable":true,"href":"https:\/\/eldiariodesanpedro.com.ar\/sitio\/wp-json\/wp\/v2\/media\/63840"}],"wp:attachment":[{"href":"https:\/\/eldiariodesanpedro.com.ar\/sitio\/wp-json\/wp\/v2\/media?parent=63808"}],"wp:term":[{"taxonomy":"category","embeddable":true,"href":"https:\/\/eldiariodesanpedro.com.ar\/sitio\/wp-json\/wp\/v2\/categories?post=63808"},{"taxonomy":"post_tag","embeddable":true,"href":"https:\/\/eldiariodesanpedro.com.ar\/sitio\/wp-json\/wp\/v2\/tags?post=63808"}],"curies":[{"name":"wp","href":"https:\/\/api.w.org\/{rel}","templated":true}]}}