{"id":63807,"date":"2019-11-11T09:58:43","date_gmt":"2019-11-11T12:58:43","guid":{"rendered":"https:\/\/eldiariodesanpedro.com.ar\/sitio\/?p=63807"},"modified":"2019-11-11T09:58:47","modified_gmt":"2019-11-11T12:58:47","slug":"ramallo-mario-ocampo-fue-encontrado-por-prefectura-sin-vida","status":"publish","type":"post","link":"https:\/\/eldiariodesanpedro.com.ar\/sitio\/ramallo-mario-ocampo-fue-encontrado-por-prefectura-sin-vida\/","title":{"rendered":"RAMALLO | Mario Ocampo fue encontrado por Prefectura sin vida"},"content":{"rendered":"<!-- VideographyWP Plugin Message: Automatic video embedding prevented by plugin options. -->\n\n<p>Seg\u00fan el comunicado oficial, apareci\u00f3 el cuerpo del hombre que ten\u00eda un pedido de paradero activo.<\/p>\n\n\n\n<p>Pasadas las 22 del viernes, la Estaci\u00f3n Comunal 1ra de Ramallo solicit\u00f3 colaboraci\u00f3n a la Prefectura Naval para hallar al hombre de 35 a\u00f1os, contextura f\u00edsica delgada, tez trigue\u00f1a, cabello corto ondulado de color negro, ojos marrones y de 1.80 metros de altura que era buscado por orden de la Unidad Fiscal de Instrucci\u00f3n N\u00b0 4 a cargo del Dr. Omar Tempo.<\/p>\n\n\n\n<p>De inmediato se ejecut\u00f3 un operativo de patrullaje por tierra y agua y este domingo a las 15, se recibi\u00f3 una comunicaci\u00f3n telef\u00f3nica de un particular al tel\u00e9fono de emergencias n\u00e1uticas dando aviso de un cuerpo que estaba flotando en la superficie del Paran\u00e1 a la altura de la boca del \u201cArroyo las Hermanas\u201d KM 323 margen derecha.<\/p>\n\n\n\n<p>El cuerpo coincid\u00eda con la descripci\u00f3n y vest\u00eda pantal\u00f3n de jeans azul, zapatillas de color marr\u00f3n y negro, camisa color marr\u00f3n y medias color negro. Con intervenci\u00f3n de la Ayudant\u00eda Fiscal de Ramallo, se extrajo el cuerpo para su reconocimiento de un familiar directo y posterior entrega a la Polic\u00eda Cient\u00edfica de la Provincia de Buenos Aires.<\/p>\n\n\n\n<p>El reconocimiento fue afirmativo y se confirm\u00f3 de esta forma que se trataba de Mario Ocampo.<\/p>\n\n\n\n<p>Fuente: Ramallo Informa<\/p>\n","protected":false},"excerpt":{"rendered":"<p>Seg\u00fan el comunicado oficial, apareci\u00f3 el cuerpo del hombre que ten\u00eda un pedido de paradero activo. Pasadas las 22 del viernes, la Estaci\u00f3n Comunal 1ra de Ramallo solicit\u00f3 colaboraci\u00f3n a la Prefectura Naval para hallar al hombre de 35 a\u00f1os, contextura f\u00edsica delgada, tez trigue\u00f1a, cabello corto ondulado de color negro, ojos marrones y de [&hellip;]<\/p>\n","protected":false},"author":4,"featured_media":63809,"comment_status":"open","ping_status":"closed","sticky":false,"template":"","format":"standard","meta":{"om_disable_all_campaigns":false,"_jetpack_memberships_contains_paid_content":false,"footnotes":""},"categories":[621],"tags":[],"class_list":["post-63807","post","type-post","status-publish","format-standard","has-post-thumbnail","hentry","category-regionales"],"aioseo_notices":[],"gutentor_comment":0,"jetpack_featured_media_url":"https:\/\/eldiariodesanpedro.com.ar\/sitio\/wp-content\/uploads\/2019\/11\/Mario-Ocampo.jpg","jetpack_shortlink":"https:\/\/wp.me\/p6RhLt-gB9","jetpack_sharing_enabled":true,"_links":{"self":[{"href":"https:\/\/eldiariodesanpedro.com.ar\/sitio\/wp-json\/wp\/v2\/posts\/63807","targetHints":{"allow":["GET"]}}],"collection":[{"href":"https:\/\/eldiariodesanpedro.com.ar\/sitio\/wp-json\/wp\/v2\/posts"}],"about":[{"href":"https:\/\/eldiariodesanpedro.com.ar\/sitio\/wp-json\/wp\/v2\/types\/post"}],"author":[{"embeddable":true,"href":"https:\/\/eldiariodesanpedro.com.ar\/sitio\/wp-json\/wp\/v2\/users\/4"}],"replies":[{"embeddable":true,"href":"https:\/\/eldiariodesanpedro.com.ar\/sitio\/wp-json\/wp\/v2\/comments?post=63807"}],"version-history":[{"count":1,"href":"https:\/\/eldiariodesanpedro.com.ar\/sitio\/wp-json\/wp\/v2\/posts\/63807\/revisions"}],"predecessor-version":[{"id":63810,"href":"https:\/\/eldiariodesanpedro.com.ar\/sitio\/wp-json\/wp\/v2\/posts\/63807\/revisions\/63810"}],"wp:featuredmedia":[{"embeddable":true,"href":"https:\/\/eldiariodesanpedro.com.ar\/sitio\/wp-json\/wp\/v2\/media\/63809"}],"wp:attachment":[{"href":"https:\/\/eldiariodesanpedro.com.ar\/sitio\/wp-json\/wp\/v2\/media?parent=63807"}],"wp:term":[{"taxonomy":"category","embeddable":true,"href":"https:\/\/eldiariodesanpedro.com.ar\/sitio\/wp-json\/wp\/v2\/categories?post=63807"},{"taxonomy":"post_tag","embeddable":true,"href":"https:\/\/eldiariodesanpedro.com.ar\/sitio\/wp-json\/wp\/v2\/tags?post=63807"}],"curies":[{"name":"wp","href":"https:\/\/api.w.org\/{rel}","templated":true}]}}