{"id":63804,"date":"2019-11-11T09:56:19","date_gmt":"2019-11-11T12:56:19","guid":{"rendered":"https:\/\/eldiariodesanpedro.com.ar\/sitio\/?p=63804"},"modified":"2019-11-11T09:56:23","modified_gmt":"2019-11-11T12:56:23","slug":"ramallo-el-ejecutivo-cuestiono-los-cambios-de-comisarios","status":"publish","type":"post","link":"https:\/\/eldiariodesanpedro.com.ar\/sitio\/ramallo-el-ejecutivo-cuestiono-los-cambios-de-comisarios\/","title":{"rendered":"RAMALLO | El Ejecutivo cuestion\u00f3 los cambios de comisarios"},"content":{"rendered":"<!-- VideographyWP Plugin Message: Automatic video embedding prevented by plugin options. -->\n\n<p>El municipio de Ramallo mostr\u00f3 su preocupaci\u00f3n por los cambios en las comisar\u00edas de Ramallo y Villa Ramallo.<\/p>\n\n\n\n<p>El intendente\u00a0<strong>Mauro Poletti<\/strong>\u00a0sostuvo que \u201clos reemplazos de los comisarios deben consensuarse con el Ejecutivo, algo que no sucedi\u00f3 con los cambios de jefes de la Primera y la Segunda\u201d.<\/p>\n\n\n\n<p>Seg\u00fan el subsecretario de Gobierno,&nbsp;<strong>Juan Carlos Maciel<\/strong>, \u00ablos cambios deben consensuarse con la intendencia, seg\u00fan la ley 13.482, donde establece que donde haya polic\u00eda comunal se deben analizar con el intendente\u00bb.<\/p>\n\n\n\n<p>\u00abDesde el Ministerio de Seguridad realizaron los cambios y eso nos llama la atenci\u00f3n. En estos cuatro a\u00f1os constituimos un comit\u00e9 de seguridad, pero desde las PASO a esta parte los cambios se realizaron sin consultar\u00bb, prosigui\u00f3.<\/p>\n\n\n\n<p>Adem\u00e1s cont\u00f3 que el secretario de Seguridad,<strong>&nbsp;Mart\u00edn Maidana<\/strong>, entreg\u00f3 una carta al Ministerio de Seguridad de la Provincia: \u00abNosotros le enviamos una carta al ministro para pedir explicaciones\u00bb.<\/p>\n\n\n\n<p>\u00abHay ac\u00e1 una intromisi\u00f3n del Ministerio en las cuestiones que compete al intendente. En Ramallo hicimos las cosas bien, bajamos todos los \u00edndices en materia de seguridad, nos llama la atenci\u00f3n este tipo de intromisi\u00f3n\u00bb, explic\u00f3.<\/p>\n\n\n\n<p>Fuente: Ramallo Ciudad<\/p>\n","protected":false},"excerpt":{"rendered":"<p>El municipio de Ramallo mostr\u00f3 su preocupaci\u00f3n por los cambios en las comisar\u00edas de Ramallo y Villa Ramallo. El intendente\u00a0Mauro Poletti\u00a0sostuvo que \u201clos reemplazos de los comisarios deben consensuarse con el Ejecutivo, algo que no sucedi\u00f3 con los cambios de jefes de la Primera y la Segunda\u201d. Seg\u00fan el subsecretario de Gobierno,&nbsp;Juan Carlos Maciel, \u00ablos [&hellip;]<\/p>\n","protected":false},"author":4,"featured_media":63805,"comment_status":"open","ping_status":"closed","sticky":false,"template":"","format":"standard","meta":{"om_disable_all_campaigns":false,"_jetpack_memberships_contains_paid_content":false,"footnotes":""},"categories":[621],"tags":[],"class_list":["post-63804","post","type-post","status-publish","format-standard","has-post-thumbnail","hentry","category-regionales"],"aioseo_notices":[],"gutentor_comment":0,"jetpack_featured_media_url":"https:\/\/eldiariodesanpedro.com.ar\/sitio\/wp-content\/uploads\/2019\/11\/bbx_631078616_1_Comisaria_de_Ramallo.jpg","jetpack_shortlink":"https:\/\/wp.me\/p6RhLt-gB6","jetpack_sharing_enabled":true,"_links":{"self":[{"href":"https:\/\/eldiariodesanpedro.com.ar\/sitio\/wp-json\/wp\/v2\/posts\/63804","targetHints":{"allow":["GET"]}}],"collection":[{"href":"https:\/\/eldiariodesanpedro.com.ar\/sitio\/wp-json\/wp\/v2\/posts"}],"about":[{"href":"https:\/\/eldiariodesanpedro.com.ar\/sitio\/wp-json\/wp\/v2\/types\/post"}],"author":[{"embeddable":true,"href":"https:\/\/eldiariodesanpedro.com.ar\/sitio\/wp-json\/wp\/v2\/users\/4"}],"replies":[{"embeddable":true,"href":"https:\/\/eldiariodesanpedro.com.ar\/sitio\/wp-json\/wp\/v2\/comments?post=63804"}],"version-history":[{"count":1,"href":"https:\/\/eldiariodesanpedro.com.ar\/sitio\/wp-json\/wp\/v2\/posts\/63804\/revisions"}],"predecessor-version":[{"id":63806,"href":"https:\/\/eldiariodesanpedro.com.ar\/sitio\/wp-json\/wp\/v2\/posts\/63804\/revisions\/63806"}],"wp:featuredmedia":[{"embeddable":true,"href":"https:\/\/eldiariodesanpedro.com.ar\/sitio\/wp-json\/wp\/v2\/media\/63805"}],"wp:attachment":[{"href":"https:\/\/eldiariodesanpedro.com.ar\/sitio\/wp-json\/wp\/v2\/media?parent=63804"}],"wp:term":[{"taxonomy":"category","embeddable":true,"href":"https:\/\/eldiariodesanpedro.com.ar\/sitio\/wp-json\/wp\/v2\/categories?post=63804"},{"taxonomy":"post_tag","embeddable":true,"href":"https:\/\/eldiariodesanpedro.com.ar\/sitio\/wp-json\/wp\/v2\/tags?post=63804"}],"curies":[{"name":"wp","href":"https:\/\/api.w.org\/{rel}","templated":true}]}}