{"id":63800,"date":"2019-11-11T09:44:04","date_gmt":"2019-11-11T12:44:04","guid":{"rendered":"https:\/\/eldiariodesanpedro.com.ar\/sitio\/?p=63800"},"modified":"2019-11-11T10:24:18","modified_gmt":"2019-11-11T13:24:18","slug":"accidente-del-nino-atropellado-mi-hijo-jugaba-en-la-vereda-y-este-pibe-me-lo-llevo-a-la-rastra-a-toda-velocidad","status":"publish","type":"post","link":"https:\/\/eldiariodesanpedro.com.ar\/sitio\/accidente-del-nino-atropellado-mi-hijo-jugaba-en-la-vereda-y-este-pibe-me-lo-llevo-a-la-rastra-a-toda-velocidad\/","title":{"rendered":"Accidente del ni\u00f1o atropellado: \u00abMi hijo jugaba en la vereda y este pibe me lo llevo a la rastra a toda velocidad\u00bb"},"content":{"rendered":"<!-- VideographyWP Plugin Message: Automatic video embedding prevented by plugin options. -->\n\n<p>Waldemar tiene 4 a\u00f1os de edad y hoy se encuentra en el Sanatorio Anchorena de San Martin (La Plata), peleando por su vida.<\/p>\n\n\n\n<figure class=\"wp-block-image\"><img decoding=\"async\" width=\"768\" height=\"1024\" data-attachment-id=\"63802\" data-permalink=\"https:\/\/eldiariodesanpedro.com.ar\/sitio\/img-20191111-wa0024\/\" data-orig-file=\"https:\/\/eldiariodesanpedro.com.ar\/sitio\/wp-content\/uploads\/2019\/11\/IMG-20191111-WA0024.jpg\" data-orig-size=\"960,1280\" data-comments-opened=\"1\" data-image-meta=\"{&quot;aperture&quot;:&quot;0&quot;,&quot;credit&quot;:&quot;&quot;,&quot;camera&quot;:&quot;&quot;,&quot;caption&quot;:&quot;&quot;,&quot;created_timestamp&quot;:&quot;0&quot;,&quot;copyright&quot;:&quot;&quot;,&quot;focal_length&quot;:&quot;0&quot;,&quot;iso&quot;:&quot;0&quot;,&quot;shutter_speed&quot;:&quot;0&quot;,&quot;title&quot;:&quot;&quot;,&quot;orientation&quot;:&quot;0&quot;}\" data-image-title=\"IMG-20191111-WA0024\" data-image-description=\"\" data-image-caption=\"\" data-large-file=\"https:\/\/eldiariodesanpedro.com.ar\/sitio\/wp-content\/uploads\/2019\/11\/IMG-20191111-WA0024-768x1024.jpg\" data-src=\"https:\/\/eldiariodesanpedro.com.ar\/sitio\/wp-content\/uploads\/2019\/11\/IMG-20191111-WA0024-768x1024.jpg\" alt=\"\" class=\"wp-image-63802 lazyload\" data-srcset=\"https:\/\/eldiariodesanpedro.com.ar\/sitio\/wp-content\/uploads\/2019\/11\/IMG-20191111-WA0024-768x1024.jpg 768w, https:\/\/eldiariodesanpedro.com.ar\/sitio\/wp-content\/uploads\/2019\/11\/IMG-20191111-WA0024-225x300.jpg 225w, https:\/\/eldiariodesanpedro.com.ar\/sitio\/wp-content\/uploads\/2019\/11\/IMG-20191111-WA0024.jpg 960w\" data-sizes=\"(max-width: 768px) 100vw, 768px\" src=\"data:image\/svg+xml;base64,PHN2ZyB3aWR0aD0iMSIgaGVpZ2h0PSIxIiB4bWxucz0iaHR0cDovL3d3dy53My5vcmcvMjAwMC9zdmciPjwvc3ZnPg==\" style=\"--smush-placeholder-width: 768px; --smush-placeholder-aspect-ratio: 768\/1024;\" \/><\/figure>\n\n\n\n<p>El hecho sucedi\u00f3 en calle Mateo Sbert al 2300 pasadas las 17 y 30 horas de este domingo.<\/p>\n\n\n\n<p>El ni\u00f1o que fue impactado de lleno por una motocicleta 110 conducida por un joven de 22 a\u00f1os de edad, fue trasladado de urgencia al nosocomio local por la ambulancia del SAME.<\/p>\n\n\n\n<p>Como concecuencia el menor sufri\u00f3 un traumatismo de cr\u00e1neo severo siendo trasladado de urgencia a un centro de mayor complejidad.<\/p>\n\n\n\n<p>Familiares afirman que quien conduc\u00eda se subi\u00f3 a la vereda e impact\u00f3 de lleno al ni\u00f1o quien fue derivado esa misma noche, alrededor de las 21 horas, al Sanatorio Anchorena de San Mart\u00edn.&nbsp;<\/p>\n\n\n\n<p>Esta ma\u00f1ana, desde nuestra redacci\u00f3n, dialogamos con su mam\u00e1, Maria de los \u00c1ngeles, quien nos cont\u00f3 muy angustiada como fue el accidente y como se encuentra Waldemar:<\/p>\n\n\n\n<p>\u00abNos encontr\u00e1bamos en la casa de mi mam\u00e1, tom\u00e1bamos mate en la vereda y mi nene estaba sentado jugando con piedritas sobre el cord\u00f3n, de golpe este chico que venia a alta velocidad, esquiva un cami\u00f3n y me lo engancha a mi nene, me lo lleva a la rastra por toda la vereda hasta bajar nuevamente a a calle,  casi me lo mata\u00bb<\/p>\n\n\n\n<p>\u00abSalgo corriendo atr\u00e1s de la moto, lo tenia a mi nene enganchado, mi t\u00edo sale corriendo tambi\u00e9n a ayudarme, para un auto que ven\u00eda y me llevaron a la guardia de urgencia, cuando nos subimos veo a este chico tirado como a la media cuadra\u00bb<\/p>\n\n\n\n<p>\u00abAl rato en el hospital aparece quien choco a mi hijo con un rasp\u00f3n en la pierna y en la cara, nada m\u00e1s\u00bb<\/p>\n\n\n\n<p>Con respecto a los dichos de lo que hab\u00eda sucedido esa tarde aclar\u00f3, \u00abyo lo vi a mi hijo como me lo llevaba a la rastra!, casi me lo mata, yo estaba con \u00e9l, yo estaba cerca de \u00e9l, est\u00e1bamos con mi familia, nunca lo dejamos solo\u00bb<\/p>\n\n\n\n<p>\u00abCuando llegamos al Hospital me dijeron que mi nene estaba muy complicado, tuvo un golpe muy fuerte en la cabeza, tiene el cerebro inflamado, desde que llegamos a la guardia a San Pedro que lo tengo sedado\u00bb<\/p>\n\n\n\n<p>Waldemar fue trasladado pasadas las 21 horas del domingo junto a su mam\u00e1; el Dr Herbas,  jefe de guardia dijo que el ni\u00f1o ingres\u00f3 con un \u00abtraumatismo de cr\u00e1neo severo y una fractura en sus miembros inferiores\u00bb, por lo que su traslado era inminente.<\/p>\n\n\n\n<p>Maria (Pili) continuo contando, \u00abllegamos bien, mi hijo siempre sedado, la noche la paso con una sonda en el cerebro porque tiene muy inflamado y tiene un drenaje, no tuvo fiebre y pero esta muy complicado\u00bb<\/p>\n\n\n\n<p>\u00abEstoy sola con \u00e9l, mi familia esta conmigo pero va y viene, estoy esperando tambi\u00e9n que actu\u00e9 la justicia, el comisario me llamo y me cont\u00f3 que ya esta la causa en la justicia con el Dr Manso\u00bb<\/p>\n\n\n\n<p>\u00abAhora me importa mi hijo, quiero recupera a mi hijo, despu\u00e9s me voy a encargar de quien le hizo esto\u00bb, culmin\u00f3.<\/p>\n","protected":false},"excerpt":{"rendered":"<p>Waldemar tiene 4 a\u00f1os de edad y hoy se encuentra en el Sanatorio Anchorena de San Martin (La Plata), peleando por su vida. El hecho sucedi\u00f3 en calle Mateo Sbert al 2300 pasadas las 17 y 30 horas de este domingo. El ni\u00f1o que fue impactado de lleno por una motocicleta 110 conducida por un [&hellip;]<\/p>\n","protected":false},"author":4,"featured_media":63801,"comment_status":"open","ping_status":"closed","sticky":false,"template":"","format":"standard","meta":{"om_disable_all_campaigns":false,"_jetpack_memberships_contains_paid_content":false,"footnotes":""},"categories":[50,101,2],"tags":[],"class_list":["post-63800","post","type-post","status-publish","format-standard","has-post-thumbnail","hentry","category-destacadas","category-interes-general-locales","category-locales"],"aioseo_notices":[],"gutentor_comment":0,"jetpack_featured_media_url":"https:\/\/eldiariodesanpedro.com.ar\/sitio\/wp-content\/uploads\/2019\/11\/PicsArt_11-11-09.18.29.jpg","jetpack_shortlink":"https:\/\/wp.me\/p6RhLt-gB2","jetpack_sharing_enabled":true,"_links":{"self":[{"href":"https:\/\/eldiariodesanpedro.com.ar\/sitio\/wp-json\/wp\/v2\/posts\/63800","targetHints":{"allow":["GET"]}}],"collection":[{"href":"https:\/\/eldiariodesanpedro.com.ar\/sitio\/wp-json\/wp\/v2\/posts"}],"about":[{"href":"https:\/\/eldiariodesanpedro.com.ar\/sitio\/wp-json\/wp\/v2\/types\/post"}],"author":[{"embeddable":true,"href":"https:\/\/eldiariodesanpedro.com.ar\/sitio\/wp-json\/wp\/v2\/users\/4"}],"replies":[{"embeddable":true,"href":"https:\/\/eldiariodesanpedro.com.ar\/sitio\/wp-json\/wp\/v2\/comments?post=63800"}],"version-history":[{"count":2,"href":"https:\/\/eldiariodesanpedro.com.ar\/sitio\/wp-json\/wp\/v2\/posts\/63800\/revisions"}],"predecessor-version":[{"id":63831,"href":"https:\/\/eldiariodesanpedro.com.ar\/sitio\/wp-json\/wp\/v2\/posts\/63800\/revisions\/63831"}],"wp:featuredmedia":[{"embeddable":true,"href":"https:\/\/eldiariodesanpedro.com.ar\/sitio\/wp-json\/wp\/v2\/media\/63801"}],"wp:attachment":[{"href":"https:\/\/eldiariodesanpedro.com.ar\/sitio\/wp-json\/wp\/v2\/media?parent=63800"}],"wp:term":[{"taxonomy":"category","embeddable":true,"href":"https:\/\/eldiariodesanpedro.com.ar\/sitio\/wp-json\/wp\/v2\/categories?post=63800"},{"taxonomy":"post_tag","embeddable":true,"href":"https:\/\/eldiariodesanpedro.com.ar\/sitio\/wp-json\/wp\/v2\/tags?post=63800"}],"curies":[{"name":"wp","href":"https:\/\/api.w.org\/{rel}","templated":true}]}}