{"id":63797,"date":"2019-11-11T08:56:24","date_gmt":"2019-11-11T11:56:24","guid":{"rendered":"https:\/\/eldiariodesanpedro.com.ar\/sitio\/?p=63797"},"modified":"2019-11-11T08:56:28","modified_gmt":"2019-11-11T11:56:28","slug":"el-discurso-de-fernando-bravo-que-fue-ovacionado-en-los-premios-martin-fierro-de-radio-2019-no-busquen-hacer-un-negocio-facil-en-este-medio","status":"publish","type":"post","link":"https:\/\/eldiariodesanpedro.com.ar\/sitio\/el-discurso-de-fernando-bravo-que-fue-ovacionado-en-los-premios-martin-fierro-de-radio-2019-no-busquen-hacer-un-negocio-facil-en-este-medio\/","title":{"rendered":"El discurso de Fernando Bravo que fue ovacionado en los premios Mart\u00edn Fierro de Radio 2019: \u201cNo busquen hacer un negocio f\u00e1cil en este medio\u201d"},"content":{"rendered":"<!-- VideographyWP Plugin Message: Automatic video embedding prevented by plugin options. -->\n\n<p>\n\nEl reconocido locutor recibi\u00f3 el galard\u00f3n a la mejor conducci\u00f3n masculina y dijo: \u201cAspiro a que en los tiempos futuros nuestra radio quede fortalecida\u201d<br><\/p>\n\n\n\n<p>Es sin dudas uno de los grandes referentes de la radiofon\u00eda argentina, a tal punto que desde hace m\u00e1s de medio siglo ostenta el t\u00edtulo de locutor. Por eso, a&nbsp;<strong>Fernando Bravo<\/strong>&nbsp;lo avalan sus pergaminos y es una voz m\u00e1s que autorizada para reclamar por esa profesi\u00f3n que tanto ama y que abraz\u00f3 desde muy joven. As\u00ed lo hizo al subir al escenario del Alvear Icon en&nbsp;<a href=\"https:\/\/www.infobae.com\/teleshow\/infoshow\/2019\/11\/10\/el-minuto-a-minuto-de-la-ceremonia-de-entrega-de-los-premios-martin-fierro-de-radio-2019\/\" target=\"_blank\" rel=\"noreferrer noopener\">los premios Mart\u00edn Fierro de Radio 2019<\/a>&nbsp;para&nbsp;<strong>recibir el galard\u00f3n a la mejor conducci\u00f3n masculina\u201d por su labor al frente de su ciclo&nbsp;<\/strong><em><strong>Bravo Punto Continental<\/strong><\/em>, por Radio Continental.<\/p>\n\n\n\n<p>\u201cEstoy, por supuesto, m\u00e1s que agradecido y reconocido a la gente de APTRA que me ha votado. Y&nbsp;<strong>estoy muy reconocido tambi\u00e9n a mis compa\u00f1eros, que cotidianamente me facilitan la tarea con su trabajo realmente responsable<\/strong>, y al equipo de producci\u00f3n, que soporta con una gran profesionalidad el trabajo nuestro. Aquellos que piensen que la radio es un trabajo individual se equivocan, la radio es un trabajo coral\u201d, comenz\u00f3 con su discurso.<\/p>\n\n\n\n<p>Luego, se puso m\u00e1s serio e hizo referencia a la situaci\u00f3n laboral actual en la radio: \u00ab<strong>Aquellos que tenemos la posibilidad de lucirnos frente al micr\u00f3fono tenemos que saber, entender y apreciar el valor de la gente que nos acompa\u00f1a<\/strong>&nbsp;y de la gente que est\u00e1 atr\u00e1s. La gente que a veces no pasa los mejores momentos en la radio. Porque nosotros, los independientes, desde que nacimos hasta que llegamos a esta profesi\u00f3n, tenemos la posibilidad de elegir con qui\u00e9n queremos trabajar y qui\u00e9nes son nuestros patrones. Pero hay mucha gente, personal de planta, periodistas, locutores de turno, que no tienen la posibilidad de elegir con qui\u00e9n trabajar\u201d.<\/p>\n\n\n\n<p>En ese sentido, precis\u00f3: \u201c<strong>A veces caen en manos de empresarios inescrupulosos, adeptos a la pauta oficial generosa.\u00a0<\/strong>Llegan y son oportunistas de los medios.\u00a0<strong>Aspiro a que en los tiempos futuros nuestra radio quede fortalecida<\/strong>, que lleguen empresarios con vocaci\u00f3n de servicio para armar una radio como este pa\u00eds se merece, y que los oportunistas se queden en sus casas\u201d, sentenci\u00f3.<\/p>\n\n\n\n<p>\u201cPero&nbsp;<strong>no busquen en la radio hacer un negocio f\u00e1cil, porque ya sabemos lo que pasa cuando eso suceda.&nbsp;<\/strong>Y ya sabemos lo que pasa con los laburantes de la radio cuando eso sucede. Soy locutor desde el a\u00f1o 1968 y clamo por ellos, clamo para que sean respetados en su tarea de locutores, para&nbsp;<strong>que una cara bonita, o cinco minutos de fama, no les quiten laburo<\/strong>\u201d, subray\u00f3.<\/p>\n\n\n\n<p>Ante los aplausos de todos los presentes, Bravo mostr\u00f3 su estatuilla y concluy\u00f3: \u00abY a las radios, que a veces evitan colocar locutores en los turnos que corresponden,\u00a0<strong>que no se hagan las distra\u00eddas<\/strong>. Esta profesi\u00f3n la tenemos que defender,\u00a0<a rel=\"noreferrer noopener\" href=\"https:\/\/www.infobae.com\/teleshow\/infoshow\/2019\/11\/10\/la-lista-de-ganadores-de-los-premios-martin-fierro-de-radio-2019\/\" target=\"_blank\">por\u00a0<strong>Nora Perl\u00e9<\/strong>, que hoy luce 60 a\u00f1os de trabajo<\/a>, por\u00a0<strong>Luisito Albornoz<\/strong>, una de las grandes voces que tiene la radio, y por todos los locutores que se pelan la frente estudiando tres a\u00f1os para que despu\u00e9s alguien ilegalmente le quite el lugar\u201d, concluy\u00f3.<\/p>\n\n\n\n<p>FUENTE: INFOBAE<\/p>\n","protected":false},"excerpt":{"rendered":"<p>El reconocido locutor recibi\u00f3 el galard\u00f3n a la mejor conducci\u00f3n masculina y dijo: \u201cAspiro a que en los tiempos futuros nuestra radio quede fortalecida\u201d Es sin dudas uno de los grandes referentes de la radiofon\u00eda argentina, a tal punto que desde hace m\u00e1s de medio siglo ostenta el t\u00edtulo de locutor. Por eso, a&nbsp;Fernando Bravo&nbsp;lo [&hellip;]<\/p>\n","protected":false},"author":4,"featured_media":63798,"comment_status":"open","ping_status":"closed","sticky":false,"template":"","format":"standard","meta":{"om_disable_all_campaigns":false,"_jetpack_memberships_contains_paid_content":false,"footnotes":""},"categories":[50,101,2],"tags":[],"class_list":["post-63797","post","type-post","status-publish","format-standard","has-post-thumbnail","hentry","category-destacadas","category-interes-general-locales","category-locales"],"aioseo_notices":[],"gutentor_comment":0,"jetpack_featured_media_url":"https:\/\/eldiariodesanpedro.com.ar\/sitio\/wp-content\/uploads\/2019\/11\/fernando-bravo.jpg","jetpack_shortlink":"https:\/\/wp.me\/p6RhLt-gAZ","jetpack_sharing_enabled":true,"_links":{"self":[{"href":"https:\/\/eldiariodesanpedro.com.ar\/sitio\/wp-json\/wp\/v2\/posts\/63797","targetHints":{"allow":["GET"]}}],"collection":[{"href":"https:\/\/eldiariodesanpedro.com.ar\/sitio\/wp-json\/wp\/v2\/posts"}],"about":[{"href":"https:\/\/eldiariodesanpedro.com.ar\/sitio\/wp-json\/wp\/v2\/types\/post"}],"author":[{"embeddable":true,"href":"https:\/\/eldiariodesanpedro.com.ar\/sitio\/wp-json\/wp\/v2\/users\/4"}],"replies":[{"embeddable":true,"href":"https:\/\/eldiariodesanpedro.com.ar\/sitio\/wp-json\/wp\/v2\/comments?post=63797"}],"version-history":[{"count":1,"href":"https:\/\/eldiariodesanpedro.com.ar\/sitio\/wp-json\/wp\/v2\/posts\/63797\/revisions"}],"predecessor-version":[{"id":63799,"href":"https:\/\/eldiariodesanpedro.com.ar\/sitio\/wp-json\/wp\/v2\/posts\/63797\/revisions\/63799"}],"wp:featuredmedia":[{"embeddable":true,"href":"https:\/\/eldiariodesanpedro.com.ar\/sitio\/wp-json\/wp\/v2\/media\/63798"}],"wp:attachment":[{"href":"https:\/\/eldiariodesanpedro.com.ar\/sitio\/wp-json\/wp\/v2\/media?parent=63797"}],"wp:term":[{"taxonomy":"category","embeddable":true,"href":"https:\/\/eldiariodesanpedro.com.ar\/sitio\/wp-json\/wp\/v2\/categories?post=63797"},{"taxonomy":"post_tag","embeddable":true,"href":"https:\/\/eldiariodesanpedro.com.ar\/sitio\/wp-json\/wp\/v2\/tags?post=63797"}],"curies":[{"name":"wp","href":"https:\/\/api.w.org\/{rel}","templated":true}]}}