{"id":63795,"date":"2019-11-10T21:41:37","date_gmt":"2019-11-11T00:41:37","guid":{"rendered":"https:\/\/eldiariodesanpedro.com.ar\/sitio\/?p=63795"},"modified":"2019-11-10T21:41:42","modified_gmt":"2019-11-11T00:41:42","slug":"el-nino-de-4-anos-atropellado-fue-derivado-a-un-centro-de-mayor-complejidad","status":"publish","type":"post","link":"https:\/\/eldiariodesanpedro.com.ar\/sitio\/el-nino-de-4-anos-atropellado-fue-derivado-a-un-centro-de-mayor-complejidad\/","title":{"rendered":"El ni\u00f1o de 4 a\u00f1os atropellado fue derivado a un Centro de Mayor Complejidad"},"content":{"rendered":"<!-- VideographyWP Plugin Message: Automatic video embedding prevented by plugin options. -->\n\n<p>Se trata de establecer si el ni\u00f1o jugaba en la vereda o se encontraba en la calle cuando fue atropellado por una motocicleta por la tarde de este domingo.<\/p>\n\n\n\n<p>El hecho sucedi\u00f3 en calle Mateo Sbert al 2300 pasadas las 17 y 30 horas de este domingo.<\/p>\n\n\n\n<p>El ni\u00f1o que fue impactado de lleno por una motocicleta 110 conducida por un joven de 22 a\u00f1os de edad, fue trasladado de urgencia al nosocomio local por la ambulancia del SAME.<\/p>\n\n\n\n<p>Como concecuencia el menor sufri\u00f3 un traumatismo de cr\u00e1neo severo siendo trasladado de urgencia a un centro de mayor complejidad.<\/p>\n\n\n\n<p>Familiares afirman que quien conduc\u00eda se subi\u00f3 a la vereda e impect\u00f3 de lleno al ni\u00f1o quien fue derivado esta noche,  alrededor de las 21 horas, a la cl\u00ednica de Anchorena. Su estado es reservado.<\/p>\n","protected":false},"excerpt":{"rendered":"<p>Se trata de establecer si el ni\u00f1o jugaba en la vereda o se encontraba en la calle cuando fue atropellado por una motocicleta por la tarde de este domingo. El hecho sucedi\u00f3 en calle Mateo Sbert al 2300 pasadas las 17 y 30 horas de este domingo. El ni\u00f1o que fue impactado de lleno por [&hellip;]<\/p>\n","protected":false},"author":4,"featured_media":25808,"comment_status":"open","ping_status":"closed","sticky":false,"template":"","format":"standard","meta":{"om_disable_all_campaigns":false,"_jetpack_memberships_contains_paid_content":false,"footnotes":""},"categories":[50,2,103],"tags":[],"class_list":["post-63795","post","type-post","status-publish","format-standard","has-post-thumbnail","hentry","category-destacadas","category-locales","category-policiales-locales"],"aioseo_notices":[],"gutentor_comment":1,"jetpack_featured_media_url":"https:\/\/eldiariodesanpedro.com.ar\/sitio\/wp-content\/uploads\/2017\/11\/Los-accidentados-fueron-derivados-a-la-Guardia.jpg","jetpack_shortlink":"https:\/\/wp.me\/p6RhLt-gAX","jetpack_sharing_enabled":true,"_links":{"self":[{"href":"https:\/\/eldiariodesanpedro.com.ar\/sitio\/wp-json\/wp\/v2\/posts\/63795","targetHints":{"allow":["GET"]}}],"collection":[{"href":"https:\/\/eldiariodesanpedro.com.ar\/sitio\/wp-json\/wp\/v2\/posts"}],"about":[{"href":"https:\/\/eldiariodesanpedro.com.ar\/sitio\/wp-json\/wp\/v2\/types\/post"}],"author":[{"embeddable":true,"href":"https:\/\/eldiariodesanpedro.com.ar\/sitio\/wp-json\/wp\/v2\/users\/4"}],"replies":[{"embeddable":true,"href":"https:\/\/eldiariodesanpedro.com.ar\/sitio\/wp-json\/wp\/v2\/comments?post=63795"}],"version-history":[{"count":1,"href":"https:\/\/eldiariodesanpedro.com.ar\/sitio\/wp-json\/wp\/v2\/posts\/63795\/revisions"}],"predecessor-version":[{"id":63796,"href":"https:\/\/eldiariodesanpedro.com.ar\/sitio\/wp-json\/wp\/v2\/posts\/63795\/revisions\/63796"}],"wp:featuredmedia":[{"embeddable":true,"href":"https:\/\/eldiariodesanpedro.com.ar\/sitio\/wp-json\/wp\/v2\/media\/25808"}],"wp:attachment":[{"href":"https:\/\/eldiariodesanpedro.com.ar\/sitio\/wp-json\/wp\/v2\/media?parent=63795"}],"wp:term":[{"taxonomy":"category","embeddable":true,"href":"https:\/\/eldiariodesanpedro.com.ar\/sitio\/wp-json\/wp\/v2\/categories?post=63795"},{"taxonomy":"post_tag","embeddable":true,"href":"https:\/\/eldiariodesanpedro.com.ar\/sitio\/wp-json\/wp\/v2\/tags?post=63795"}],"curies":[{"name":"wp","href":"https:\/\/api.w.org\/{rel}","templated":true}]}}