{"id":63792,"date":"2019-11-10T17:24:53","date_gmt":"2019-11-10T20:24:53","guid":{"rendered":"https:\/\/eldiariodesanpedro.com.ar\/sitio\/?p=63792"},"modified":"2019-11-10T17:24:58","modified_gmt":"2019-11-10T20:24:58","slug":"el-howard-johnson-realizo-su-fiesta-anual-en-nuestra-ciudad","status":"publish","type":"post","link":"https:\/\/eldiariodesanpedro.com.ar\/sitio\/el-howard-johnson-realizo-su-fiesta-anual-en-nuestra-ciudad\/","title":{"rendered":"El Howard Johnson realiz\u00f3 su fiesta anual en nuestra ciudad"},"content":{"rendered":"<!-- VideographyWP Plugin Message: Automatic video embedding prevented by plugin options. -->\n\n<p>Representantes de la cadena hotelera en la Argentina participaron del cierre de a\u00f1o. Estuvieron presentes el\u00a0Sec. Gral. de\u00a0Uthgra\u00a0Luis\u00a0Barrionuevo\u00a0y el representante de la cadena\u00a0Howard\u00a0Johnson\u00a0en Argentina, Alberto\u00a0Albamonte.<\/p>\n\n\n\n<p>Con la presencia de las principales autoridades de la cadena hotelera en Argentina, los representantes de\u00a0Uthgra\u00a0a nivel nacional, autoridades locales y los representantes del Hotel\u00a0Howard\u00a0Johnson\u00a0y el\u00a0Resort\u00a0&amp; Marinas de San Pedro, la reconocida firma hotelera cerr\u00f3 el a\u00f1o en nuestra ciudad.\u00a0<\/p>\n\n\n\n<p>El encuentro se realiz\u00f3 en las c\u00f3modas y pintorescas instalaciones del&nbsp;resort&nbsp;que se encuentra a la vera del r\u00edo&nbsp;Paran\u00e1&nbsp;y estuvieron presentes el Secretario General de Uthgra Luis Barrionuevo, el Secretario de Capacitaci\u00f3n y Formaci\u00f3n de Uthgra Argentino Geneiro, el representante en la Argentina de la cadena hotelera Howard Johnson Alberto Albamonte, y autoridades del gobierno local encabezado por el Intendente Cecilio Salazar y el Secretario de Coordinaci\u00f3n Ram\u00f3n Salazar. Tambi\u00e9n estuvo presente el anfitri\u00f3n Alejandro Monjo, titular del hotel ubicado en el casco hist\u00f3rico de nuestra ciudad y del resort &amp; marinas.<\/p>\n\n\n\n<p>La celebraci\u00f3n fue conducida por el reconocido periodista y conductor Gonzalo Rodr\u00edguez (Gonzalito) y cont\u00f3 con la actuaci\u00f3n del humorista Claudio Ricco, adem\u00e1s de invitados especiales y las menciones que se hicieron a lo largo de la gran velada vivida en nuestra ciudad.<\/p>\n\n\n\n<p>Fuente: San Pedro informa<\/p>\n","protected":false},"excerpt":{"rendered":"<p>Representantes de la cadena hotelera en la Argentina participaron del cierre de a\u00f1o. Estuvieron presentes el\u00a0Sec. Gral. de\u00a0Uthgra\u00a0Luis\u00a0Barrionuevo\u00a0y el representante de la cadena\u00a0Howard\u00a0Johnson\u00a0en Argentina, Alberto\u00a0Albamonte. Con la presencia de las principales autoridades de la cadena hotelera en Argentina, los representantes de\u00a0Uthgra\u00a0a nivel nacional, autoridades locales y los representantes del Hotel\u00a0Howard\u00a0Johnson\u00a0y el\u00a0Resort\u00a0&amp; Marinas de San Pedro, [&hellip;]<\/p>\n","protected":false},"author":4,"featured_media":63793,"comment_status":"open","ping_status":"closed","sticky":false,"template":"","format":"standard","meta":{"om_disable_all_campaigns":false,"_jetpack_memberships_contains_paid_content":false,"footnotes":""},"categories":[101,2],"tags":[],"class_list":["post-63792","post","type-post","status-publish","format-standard","has-post-thumbnail","hentry","category-interes-general-locales","category-locales"],"aioseo_notices":[],"gutentor_comment":0,"jetpack_featured_media_url":"https:\/\/eldiariodesanpedro.com.ar\/sitio\/wp-content\/uploads\/2019\/11\/000080966.jpg","jetpack_shortlink":"https:\/\/wp.me\/p6RhLt-gAU","jetpack_sharing_enabled":true,"_links":{"self":[{"href":"https:\/\/eldiariodesanpedro.com.ar\/sitio\/wp-json\/wp\/v2\/posts\/63792","targetHints":{"allow":["GET"]}}],"collection":[{"href":"https:\/\/eldiariodesanpedro.com.ar\/sitio\/wp-json\/wp\/v2\/posts"}],"about":[{"href":"https:\/\/eldiariodesanpedro.com.ar\/sitio\/wp-json\/wp\/v2\/types\/post"}],"author":[{"embeddable":true,"href":"https:\/\/eldiariodesanpedro.com.ar\/sitio\/wp-json\/wp\/v2\/users\/4"}],"replies":[{"embeddable":true,"href":"https:\/\/eldiariodesanpedro.com.ar\/sitio\/wp-json\/wp\/v2\/comments?post=63792"}],"version-history":[{"count":1,"href":"https:\/\/eldiariodesanpedro.com.ar\/sitio\/wp-json\/wp\/v2\/posts\/63792\/revisions"}],"predecessor-version":[{"id":63794,"href":"https:\/\/eldiariodesanpedro.com.ar\/sitio\/wp-json\/wp\/v2\/posts\/63792\/revisions\/63794"}],"wp:featuredmedia":[{"embeddable":true,"href":"https:\/\/eldiariodesanpedro.com.ar\/sitio\/wp-json\/wp\/v2\/media\/63793"}],"wp:attachment":[{"href":"https:\/\/eldiariodesanpedro.com.ar\/sitio\/wp-json\/wp\/v2\/media?parent=63792"}],"wp:term":[{"taxonomy":"category","embeddable":true,"href":"https:\/\/eldiariodesanpedro.com.ar\/sitio\/wp-json\/wp\/v2\/categories?post=63792"},{"taxonomy":"post_tag","embeddable":true,"href":"https:\/\/eldiariodesanpedro.com.ar\/sitio\/wp-json\/wp\/v2\/tags?post=63792"}],"curies":[{"name":"wp","href":"https:\/\/api.w.org\/{rel}","templated":true}]}}