{"id":63789,"date":"2019-11-10T17:23:02","date_gmt":"2019-11-10T20:23:02","guid":{"rendered":"https:\/\/eldiariodesanpedro.com.ar\/sitio\/?p=63789"},"modified":"2019-11-10T17:23:06","modified_gmt":"2019-11-10T20:23:06","slug":"san-nicolas-detuvieron-al-acusado-del-femicidio-de-daiana","status":"publish","type":"post","link":"https:\/\/eldiariodesanpedro.com.ar\/sitio\/san-nicolas-detuvieron-al-acusado-del-femicidio-de-daiana\/","title":{"rendered":"SAN NICOL\u00c1S | Detuvieron al acusado del femicidio de Daiana"},"content":{"rendered":"<!-- VideographyWP Plugin Message: Automatic video embedding prevented by plugin options. -->\n\n<p>\n\nAlrededor de las 19.30 personal policial logr\u00f3 la detenci\u00f3n de Miguel Angel Nievas, quien se hallaba caminando sobre la Ruta 21 camino a Theobald.<\/p>\n\n\n\n<p>Ya cercado por los uniformados y la presi\u00f3n social, fue dialogando telef\u00f3nicamente con su madre y con el fiscal Ariel Tempo.<\/p>\n\n\n\n<p>Su entrega era inminente en el d\u00eda de hoy. No contaba con protecci\u00f3n ni dinero.<\/p>\n\n\n\n<p>El Jefe del Comando de Patrullas junto al titular de la Polic\u00eda Local se trasladaron al lugar en un patrullero junto a la madre de Nievas, quien fue la que medi\u00f3 para lograr que su hijo se entregue a la justicia.<\/p>\n\n\n\n<p>Los contactos fueron mantenidos durante varias horas y en ning\u00fan momento los uniformados se alejaron de la madre.<\/p>\n\n\n\n<p>Al divisar la patrulla, Nievas no opuso resistencia, fue esposado y trasladado a sede policial.<\/p>\n\n\n\n<p>Fuente: Diario El Informante<\/p>\n","protected":false},"excerpt":{"rendered":"<p>Alrededor de las 19.30 personal policial logr\u00f3 la detenci\u00f3n de Miguel Angel Nievas, quien se hallaba caminando sobre la Ruta 21 camino a Theobald. Ya cercado por los uniformados y la presi\u00f3n social, fue dialogando telef\u00f3nicamente con su madre y con el fiscal Ariel Tempo. Su entrega era inminente en el d\u00eda de hoy. No [&hellip;]<\/p>\n","protected":false},"author":4,"featured_media":63790,"comment_status":"open","ping_status":"closed","sticky":false,"template":"","format":"standard","meta":{"om_disable_all_campaigns":false,"_jetpack_memberships_contains_paid_content":false,"footnotes":""},"categories":[621],"tags":[],"class_list":["post-63789","post","type-post","status-publish","format-standard","has-post-thumbnail","hentry","category-regionales"],"aioseo_notices":[],"gutentor_comment":0,"jetpack_featured_media_url":"https:\/\/eldiariodesanpedro.com.ar\/sitio\/wp-content\/uploads\/2019\/11\/sn_homicida.jpg","jetpack_shortlink":"https:\/\/wp.me\/p6RhLt-gAR","jetpack_sharing_enabled":true,"_links":{"self":[{"href":"https:\/\/eldiariodesanpedro.com.ar\/sitio\/wp-json\/wp\/v2\/posts\/63789","targetHints":{"allow":["GET"]}}],"collection":[{"href":"https:\/\/eldiariodesanpedro.com.ar\/sitio\/wp-json\/wp\/v2\/posts"}],"about":[{"href":"https:\/\/eldiariodesanpedro.com.ar\/sitio\/wp-json\/wp\/v2\/types\/post"}],"author":[{"embeddable":true,"href":"https:\/\/eldiariodesanpedro.com.ar\/sitio\/wp-json\/wp\/v2\/users\/4"}],"replies":[{"embeddable":true,"href":"https:\/\/eldiariodesanpedro.com.ar\/sitio\/wp-json\/wp\/v2\/comments?post=63789"}],"version-history":[{"count":1,"href":"https:\/\/eldiariodesanpedro.com.ar\/sitio\/wp-json\/wp\/v2\/posts\/63789\/revisions"}],"predecessor-version":[{"id":63791,"href":"https:\/\/eldiariodesanpedro.com.ar\/sitio\/wp-json\/wp\/v2\/posts\/63789\/revisions\/63791"}],"wp:featuredmedia":[{"embeddable":true,"href":"https:\/\/eldiariodesanpedro.com.ar\/sitio\/wp-json\/wp\/v2\/media\/63790"}],"wp:attachment":[{"href":"https:\/\/eldiariodesanpedro.com.ar\/sitio\/wp-json\/wp\/v2\/media?parent=63789"}],"wp:term":[{"taxonomy":"category","embeddable":true,"href":"https:\/\/eldiariodesanpedro.com.ar\/sitio\/wp-json\/wp\/v2\/categories?post=63789"},{"taxonomy":"post_tag","embeddable":true,"href":"https:\/\/eldiariodesanpedro.com.ar\/sitio\/wp-json\/wp\/v2\/tags?post=63789"}],"curies":[{"name":"wp","href":"https:\/\/api.w.org\/{rel}","templated":true}]}}