{"id":63786,"date":"2019-11-10T17:21:48","date_gmt":"2019-11-10T20:21:48","guid":{"rendered":"https:\/\/eldiariodesanpedro.com.ar\/sitio\/?p=63786"},"modified":"2019-11-10T17:21:52","modified_gmt":"2019-11-10T20:21:52","slug":"baradero-rock-en-baradero-anuncia-el-line-up-de-su-sexta-edicion","status":"publish","type":"post","link":"https:\/\/eldiariodesanpedro.com.ar\/sitio\/baradero-rock-en-baradero-anuncia-el-line-up-de-su-sexta-edicion\/","title":{"rendered":"BARADERO | Rock en Baradero anuncia el line up de su sexta edici\u00f3n"},"content":{"rendered":"<!-- VideographyWP Plugin Message: Automatic video embedding prevented by plugin options. -->\n\n<p>\n\nComo te comentamos hace unos d\u00edas, Rock en Baradero, el festival de rock m\u00e1s grande de la provincia de Buenos Aires, anunci\u00f3 su sexta edici\u00f3n para el s\u00e1bado 22, domingo 23 y lunes 24 de febrero, durante el fin de semana de carnaval.<\/p>\n\n\n\n<p>Ahora, Gonna Go, la productora a cargo del evento desde 2015, anunci\u00f3 las bandas que estar\u00e1n participando de este cita que se llevar\u00e1 a cabo en el Anfiteatro Municipal de Baradero (Av. San Mart\u00edn 500, Baradero).<\/p>\n\n\n\n<p>En esta oportunidad, los encargados de musicalizar el fin de semana ser\u00e1n Ska-P, La 25, Las Pelotas, Los Aut\u00e9nticos Decadentes, Bandalos Chinos, Miss Bolivia, Los Gardelitos, Dancing Mood, La Mississippi, Kchiporros, Muerdo, Emme, Kapanga, \u00c1rbol, Mustafunk, Eruca Sativa, El Plan de la Mariposa, HTML, Lucy Patan\u00e9 y 40 bandas m\u00e1s.<\/p>\n\n\n\n<p>Adem\u00e1s del factor musical, este verdadero cl\u00e1sico del verano que ya se convirti\u00f3 en una fija en todos los calendarios de los mel\u00f3manos contar\u00e1 con artistas pl\u00e1sticos, actividades y opciones gastron\u00f3micas variadas, todo en un ambiente ideal de aire puro a s\u00f3lo 100 kil\u00f3metros de Buenos Aires y Rosario.<\/p>\n\n\n\n<p>Fuente: Baradero Te Informa<\/p>\n","protected":false},"excerpt":{"rendered":"<p>Como te comentamos hace unos d\u00edas, Rock en Baradero, el festival de rock m\u00e1s grande de la provincia de Buenos Aires, anunci\u00f3 su sexta edici\u00f3n para el s\u00e1bado 22, domingo 23 y lunes 24 de febrero, durante el fin de semana de carnaval. Ahora, Gonna Go, la productora a cargo del evento desde 2015, anunci\u00f3 [&hellip;]<\/p>\n","protected":false},"author":4,"featured_media":63787,"comment_status":"open","ping_status":"closed","sticky":false,"template":"","format":"standard","meta":{"om_disable_all_campaigns":false,"_jetpack_memberships_contains_paid_content":false,"footnotes":""},"categories":[621],"tags":[],"class_list":["post-63786","post","type-post","status-publish","format-standard","has-post-thumbnail","hentry","category-regionales"],"aioseo_notices":[],"gutentor_comment":0,"jetpack_featured_media_url":"https:\/\/eldiariodesanpedro.com.ar\/sitio\/wp-content\/uploads\/2019\/11\/rock-en-baradero-la-25-2015.jpg","jetpack_shortlink":"https:\/\/wp.me\/p6RhLt-gAO","jetpack_sharing_enabled":true,"_links":{"self":[{"href":"https:\/\/eldiariodesanpedro.com.ar\/sitio\/wp-json\/wp\/v2\/posts\/63786","targetHints":{"allow":["GET"]}}],"collection":[{"href":"https:\/\/eldiariodesanpedro.com.ar\/sitio\/wp-json\/wp\/v2\/posts"}],"about":[{"href":"https:\/\/eldiariodesanpedro.com.ar\/sitio\/wp-json\/wp\/v2\/types\/post"}],"author":[{"embeddable":true,"href":"https:\/\/eldiariodesanpedro.com.ar\/sitio\/wp-json\/wp\/v2\/users\/4"}],"replies":[{"embeddable":true,"href":"https:\/\/eldiariodesanpedro.com.ar\/sitio\/wp-json\/wp\/v2\/comments?post=63786"}],"version-history":[{"count":1,"href":"https:\/\/eldiariodesanpedro.com.ar\/sitio\/wp-json\/wp\/v2\/posts\/63786\/revisions"}],"predecessor-version":[{"id":63788,"href":"https:\/\/eldiariodesanpedro.com.ar\/sitio\/wp-json\/wp\/v2\/posts\/63786\/revisions\/63788"}],"wp:featuredmedia":[{"embeddable":true,"href":"https:\/\/eldiariodesanpedro.com.ar\/sitio\/wp-json\/wp\/v2\/media\/63787"}],"wp:attachment":[{"href":"https:\/\/eldiariodesanpedro.com.ar\/sitio\/wp-json\/wp\/v2\/media?parent=63786"}],"wp:term":[{"taxonomy":"category","embeddable":true,"href":"https:\/\/eldiariodesanpedro.com.ar\/sitio\/wp-json\/wp\/v2\/categories?post=63786"},{"taxonomy":"post_tag","embeddable":true,"href":"https:\/\/eldiariodesanpedro.com.ar\/sitio\/wp-json\/wp\/v2\/tags?post=63786"}],"curies":[{"name":"wp","href":"https:\/\/api.w.org\/{rel}","templated":true}]}}