{"id":63783,"date":"2019-11-10T17:19:18","date_gmt":"2019-11-10T20:19:18","guid":{"rendered":"https:\/\/eldiariodesanpedro.com.ar\/sitio\/?p=63783"},"modified":"2019-11-10T17:19:22","modified_gmt":"2019-11-10T20:19:22","slug":"san-nicolas-seis-aspirantes-al-cargo-de-fiscal-general","status":"publish","type":"post","link":"https:\/\/eldiariodesanpedro.com.ar\/sitio\/san-nicolas-seis-aspirantes-al-cargo-de-fiscal-general\/","title":{"rendered":"SAN NICOL\u00c1S | Seis aspirantes al cargo de Fiscal General"},"content":{"rendered":"<!-- VideographyWP Plugin Message: Automatic video embedding prevented by plugin options. -->\n\n<p>\n\nSeis aspirantes a Fiscal General del Departamento Judicial de San Nicol\u00e1s rindieron examen y esperan que avance el proceso para designar a quien reemplace a H\u00e9ctor Tan\u00fas en la titularidad de la conducci\u00f3n de todas las fiscal\u00edas de la regi\u00f3n, tarea que desde el a\u00f1o pasado tiene a su cargo, de manera provisoria, Sandra Bicetti, una de las concursantes.<\/p>\n\n\n\n<p>Adem\u00e1s de la fiscal interina, rindieron el examen el titular de la UFI 6 tematizada en trata de personas, Dar\u00edo Giagnorio; los fiscales de la tematizada en drogas, Ver\u00f3nica Marcantonio y Patricio M\u00fagica D\u00edaz; el fiscal de Baradero y exjuez penal de Puerto Madryn, Hern\u00e1n Granda; y un nombre que caus\u00f3 sorpresa: Gabriel Gan\u00f3n.<\/p>\n\n\n\n<p>El exdefensor oficial de San Nicol\u00e1s y exdefensor General de Santa Fe, suspendido en ese cargo por presunto mal desempe\u00f1o y en un proceso que fue denunciado por irregularidades, fue uno de los 39 inscriptos para el concurso que, tras el examen, se dirimir\u00e1 entre los seis enumerados. Adem\u00e1s, entre los inscriptos estaba el fiscal de San Pedro Marcelo Manso, quien a la hora del examen estaba de licencia y finalmente no particip\u00f3.<\/p>\n\n\n\n<p>En el Poder Judicial aseguran que Bicetti, por rol como interina, tiene muchas posibilidades de seguir en el cargo. M\u00fagica D\u00edaz, uno de los delfines de Tan\u00fas, suena desde el d\u00eda uno de la jubilaci\u00f3n del exFiscal General. Tambi\u00e9n Marcantonio tiene chances muy ciertas de ser electa, en tanto que Giagnorio y Granda tienen una vasta trayectoria que tambi\u00e9n los ubica en muy buen lugar para la carrera.<\/p>\n\n\n\n<p>Gan\u00f3n, por supuesto, es tambi\u00e9n un hombre que en el \u00e1mbito de la Justicia genera pol\u00e9mica. A lo largo de su carrera ha sabido ganarse el respeto de algunos pero tambi\u00e9n la enemistad de otros. Siempre pol\u00e9mico, su aparici\u00f3n entre los seis finalistas para la Fiscal\u00eda General, ya hace ruido en los pasillos.<\/p>\n\n\n\n<p>La decisi\u00f3n llegar\u00e1 despu\u00e9s de que asuma el gobernador electo Axel Kicillof, con quien dicen que Gan\u00f3n tiene muy buena relaci\u00f3n, aunque a decir verdad la designaci\u00f3n no depende de la Gobernaci\u00f3n, sino del Consejo de la Magistratura, organismo que integran representantes de Ejecutivo y Legislativo, jueces de las distintas instancias y del Colegio de Abogados provincial.<\/p>\n\n\n\n<p>Fuente: Diario El Norte<\/p>\n","protected":false},"excerpt":{"rendered":"<p>Seis aspirantes a Fiscal General del Departamento Judicial de San Nicol\u00e1s rindieron examen y esperan que avance el proceso para designar a quien reemplace a H\u00e9ctor Tan\u00fas en la titularidad de la conducci\u00f3n de todas las fiscal\u00edas de la regi\u00f3n, tarea que desde el a\u00f1o pasado tiene a su cargo, de manera provisoria, Sandra Bicetti, [&hellip;]<\/p>\n","protected":false},"author":4,"featured_media":63784,"comment_status":"open","ping_status":"closed","sticky":false,"template":"","format":"standard","meta":{"om_disable_all_campaigns":false,"_jetpack_memberships_contains_paid_content":false,"footnotes":""},"categories":[621],"tags":[],"class_list":["post-63783","post","type-post","status-publish","format-standard","has-post-thumbnail","hentry","category-regionales"],"aioseo_notices":[],"gutentor_comment":0,"jetpack_featured_media_url":"https:\/\/eldiariodesanpedro.com.ar\/sitio\/wp-content\/uploads\/2019\/11\/0_27_1.jpg","jetpack_shortlink":"https:\/\/wp.me\/p6RhLt-gAL","jetpack_sharing_enabled":true,"_links":{"self":[{"href":"https:\/\/eldiariodesanpedro.com.ar\/sitio\/wp-json\/wp\/v2\/posts\/63783","targetHints":{"allow":["GET"]}}],"collection":[{"href":"https:\/\/eldiariodesanpedro.com.ar\/sitio\/wp-json\/wp\/v2\/posts"}],"about":[{"href":"https:\/\/eldiariodesanpedro.com.ar\/sitio\/wp-json\/wp\/v2\/types\/post"}],"author":[{"embeddable":true,"href":"https:\/\/eldiariodesanpedro.com.ar\/sitio\/wp-json\/wp\/v2\/users\/4"}],"replies":[{"embeddable":true,"href":"https:\/\/eldiariodesanpedro.com.ar\/sitio\/wp-json\/wp\/v2\/comments?post=63783"}],"version-history":[{"count":1,"href":"https:\/\/eldiariodesanpedro.com.ar\/sitio\/wp-json\/wp\/v2\/posts\/63783\/revisions"}],"predecessor-version":[{"id":63785,"href":"https:\/\/eldiariodesanpedro.com.ar\/sitio\/wp-json\/wp\/v2\/posts\/63783\/revisions\/63785"}],"wp:featuredmedia":[{"embeddable":true,"href":"https:\/\/eldiariodesanpedro.com.ar\/sitio\/wp-json\/wp\/v2\/media\/63784"}],"wp:attachment":[{"href":"https:\/\/eldiariodesanpedro.com.ar\/sitio\/wp-json\/wp\/v2\/media?parent=63783"}],"wp:term":[{"taxonomy":"category","embeddable":true,"href":"https:\/\/eldiariodesanpedro.com.ar\/sitio\/wp-json\/wp\/v2\/categories?post=63783"},{"taxonomy":"post_tag","embeddable":true,"href":"https:\/\/eldiariodesanpedro.com.ar\/sitio\/wp-json\/wp\/v2\/tags?post=63783"}],"curies":[{"name":"wp","href":"https:\/\/api.w.org\/{rel}","templated":true}]}}