{"id":63780,"date":"2019-11-09T12:14:59","date_gmt":"2019-11-09T15:14:59","guid":{"rendered":"https:\/\/eldiariodesanpedro.com.ar\/sitio\/?p=63780"},"modified":"2019-11-09T12:15:04","modified_gmt":"2019-11-09T15:15:04","slug":"san-nicolas-detienen-a-tres-sujetos-que-eran-intensamente-buscados","status":"publish","type":"post","link":"https:\/\/eldiariodesanpedro.com.ar\/sitio\/san-nicolas-detienen-a-tres-sujetos-que-eran-intensamente-buscados\/","title":{"rendered":"SAN NICOLAS : Detienen a tres sujetos que eran intensamente buscados"},"content":{"rendered":"<!-- VideographyWP Plugin Message: Automatic video embedding prevented by plugin options. -->\n\n<p>A ra\u00edz de una serie de robos cometidos en zona sur, personal del gabinete criminol\u00f3gico de la Comisar\u00eda Segunda logr\u00f3 determinar la identidad del presunto delincuente y d\u00f3nde residir\u00eda, siendo que esta persona investigada contar\u00eda tambi\u00e9n con un pedido de captura. Con todos los elementos de prueba se efectu\u00f3 un allanamiento en Barrio Virgen del Luj\u00e1n, donde aprehendieron al investigado de 41 a\u00f1os y al secuestro de 4 envoltorios de marihuana, una motocicleta Honda Wave con pedido activo por robo del 12 de mayo del a\u00f1o 2015.Asimismo sobre el aprehendido pesaba un pedido de \u201cCaptura Activa\u201d por una causa de robo del 9 de octubre del 2011. Tom\u00f3 intervenci\u00f3n la UFI Nro. 3 iniciando actuaciones por infracci\u00f3n ley 23.737, encubrimiento y captura activa.<br><\/p>\n\n\n\n<p><strong>Buscado<\/strong><\/p>\n\n\n\n<p>Adem\u00e1s efectivos de la Comisar\u00eda Segunda aprehendieron a un joven de 19 a\u00f1os y a otro de 35 a\u00f1os quienes momentos antes amenazaron de muerte a otro hombre con un machete. Asimismo uno de los mismos registraba pedido de paradero activo por robo. Interviene la UFI Nro. 4 del Departamento Judicial San Nicol\u00e1s con actuaciones por Amenazas calificadas.<\/p>\n\n\n\n<p><strong>Amenazas<\/strong><\/p>\n\n\n\n<p>Agentes de la Comisar\u00eda Tercera en colaboraci\u00f3n con la Polic\u00eda de la Provincia de Santa Fe, Unidad Regional de Villa Constituci\u00f3n, en relaci\u00f3n a una causa caratulada \u201clesiones graves dolosas\u201d y tras realizar tareas de investigaci\u00f3n y seguimiento, en Avenida Illia y Zaracondegui, procedieron a la detenci\u00f3n de un sujeto de 26 a\u00f1os sobre el cual pesaba un pedido de detenci\u00f3n del 11 de octubre, a solicitud de la Fiscal\u00eda Regional Nro. 2 de Villa Constituci\u00f3n. <\/p>\n\n\n\n<p>Fuente: DIARIO EL NORTE<\/p>\n","protected":false},"excerpt":{"rendered":"<p>A ra\u00edz de una serie de robos cometidos en zona sur, personal del gabinete criminol\u00f3gico de la Comisar\u00eda Segunda logr\u00f3 determinar la identidad del presunto delincuente y d\u00f3nde residir\u00eda, siendo que esta persona investigada contar\u00eda tambi\u00e9n con un pedido de captura. Con todos los elementos de prueba se efectu\u00f3 un allanamiento en Barrio Virgen del [&hellip;]<\/p>\n","protected":false},"author":4,"featured_media":63781,"comment_status":"open","ping_status":"closed","sticky":false,"template":"","format":"standard","meta":{"om_disable_all_campaigns":false,"_jetpack_memberships_contains_paid_content":false,"footnotes":""},"categories":[621],"tags":[],"class_list":["post-63780","post","type-post","status-publish","format-standard","has-post-thumbnail","hentry","category-regionales"],"aioseo_notices":[],"gutentor_comment":0,"jetpack_featured_media_url":"https:\/\/eldiariodesanpedro.com.ar\/sitio\/wp-content\/uploads\/2019\/11\/0-1-2.jpg","jetpack_shortlink":"https:\/\/wp.me\/p6RhLt-gAI","jetpack_sharing_enabled":true,"_links":{"self":[{"href":"https:\/\/eldiariodesanpedro.com.ar\/sitio\/wp-json\/wp\/v2\/posts\/63780","targetHints":{"allow":["GET"]}}],"collection":[{"href":"https:\/\/eldiariodesanpedro.com.ar\/sitio\/wp-json\/wp\/v2\/posts"}],"about":[{"href":"https:\/\/eldiariodesanpedro.com.ar\/sitio\/wp-json\/wp\/v2\/types\/post"}],"author":[{"embeddable":true,"href":"https:\/\/eldiariodesanpedro.com.ar\/sitio\/wp-json\/wp\/v2\/users\/4"}],"replies":[{"embeddable":true,"href":"https:\/\/eldiariodesanpedro.com.ar\/sitio\/wp-json\/wp\/v2\/comments?post=63780"}],"version-history":[{"count":1,"href":"https:\/\/eldiariodesanpedro.com.ar\/sitio\/wp-json\/wp\/v2\/posts\/63780\/revisions"}],"predecessor-version":[{"id":63782,"href":"https:\/\/eldiariodesanpedro.com.ar\/sitio\/wp-json\/wp\/v2\/posts\/63780\/revisions\/63782"}],"wp:featuredmedia":[{"embeddable":true,"href":"https:\/\/eldiariodesanpedro.com.ar\/sitio\/wp-json\/wp\/v2\/media\/63781"}],"wp:attachment":[{"href":"https:\/\/eldiariodesanpedro.com.ar\/sitio\/wp-json\/wp\/v2\/media?parent=63780"}],"wp:term":[{"taxonomy":"category","embeddable":true,"href":"https:\/\/eldiariodesanpedro.com.ar\/sitio\/wp-json\/wp\/v2\/categories?post=63780"},{"taxonomy":"post_tag","embeddable":true,"href":"https:\/\/eldiariodesanpedro.com.ar\/sitio\/wp-json\/wp\/v2\/tags?post=63780"}],"curies":[{"name":"wp","href":"https:\/\/api.w.org\/{rel}","templated":true}]}}