{"id":63777,"date":"2019-11-09T12:05:43","date_gmt":"2019-11-09T15:05:43","guid":{"rendered":"https:\/\/eldiariodesanpedro.com.ar\/sitio\/?p=63777"},"modified":"2019-11-09T12:05:47","modified_gmt":"2019-11-09T15:05:47","slug":"san-nicolas-para-el-fiscal-el-homicidio-de-daiana-puede-tener-connotaciones-sexuales","status":"publish","type":"post","link":"https:\/\/eldiariodesanpedro.com.ar\/sitio\/san-nicolas-para-el-fiscal-el-homicidio-de-daiana-puede-tener-connotaciones-sexuales\/","title":{"rendered":"SAN NICOLAS: Para el fiscal, el homicidio de Daiana puede tener connotaciones sexuales"},"content":{"rendered":"<!-- VideographyWP Plugin Message: Automatic video embedding prevented by plugin options. -->\n\n<p>Ante medios nacionales y locales el fiscal que entiende en la causa, el Dr. Ariel Tempo brind\u00f3 una conferencia de prensa en sede de la fiscal\u00eda sobre c\u00f3mo iba la investigaci\u00f3n.\u201cMerced a versiones que nos fueron suministrando algunos testigos, sabemos que en alg\u00fan momento la joven estuvo en una esquina, que es donde ella vive, y all\u00ed una persona la intercept\u00f3 y le pidi\u00f3 que le entregara su tel\u00e9fono celular. Esa testigo es la que se encarga de llamar a emergencias policiales para decir que en la v\u00eda publica pod\u00eda estar cometi\u00e9ndose un hecho delictivo. Instantes despu\u00e9s llega un patrullero pero ya las motos se hab\u00edan retirado y esta testigo indica que era una mujer con un casco de color celeste y en la otra moto iba un hombre con un casco de color negro. Posterior a esto otra c\u00e1mara de seguridad los toma circulando por otros lugares de esta ciudad, apareadas estas motocicletas, pero sin que se logre ver que el victimario llevara a la v\u00edctima coaccionada o forzada\u201d expres\u00f3 el fiscal en el comienzo de la conferencia sobre las circunstancias en que se vio por \u00faltima vez a Daiana.\u201cSon c\u00e1maras de horario nocturno, con bastante distancia por lo que no se puede ver si lleva un elemento cortante o cuchillo. La \u00faltima c\u00e1mara que los toma a ellos se los ve muy despacio y transitando apareadas ambas motos\u201d, agreg\u00f3.<\/p>\n\n\n\n<p><br><strong>Hip\u00f3tesis<\/strong>Tempo sostiene la hip\u00f3tesis de que la v\u00edctima no conoc\u00eda al victimario pero la posibilidad de que el victimario si la conozca a la v\u00edctima.\u201cA partir de la informaci\u00f3n de los datos que fuimos recabando, la persona que est\u00e1 pr\u00f3fuga estaba trabajando como alba\u00f1il en una obra en construcci\u00f3n frente al hospital donde la v\u00edctima trabajaba como enfermera. Hoy (por ayer) a la ma\u00f1ana se recibi\u00f3 un llamado al 911 de personas que estaban pidiendo auxilio policial. Los efectivos concurren a un domicilio, las personas dicen que hab\u00edan llamado pero que no quer\u00edan decir nada y cuando se va el personal estas personas vuelven a llamar y una termina diciendo que sab\u00edan qui\u00e9n hab\u00eda sido el autor del homicidio de la enfermera. Como algunas de esas personas guardaban relaci\u00f3n de parentesco con el sospechado, omitimos de tomarles declaraci\u00f3n testimonial pero inmediatamente se pidi\u00f3 un allanamiento por razones de urgencia en el domicilio del sospechado, \u00e1mbito en el cual se hallaron muchas evidencias que sindican a esta persona como autor del hecho. Una de ellas es que el reloj pulsera de la v\u00edctima est\u00e1 en la casa del allanado. Tambi\u00e9n en los fondos de la casa hay una chapa en donde se ha quemado ropa y hemos secuestrado un pantal\u00f3n con manchas de sangre, evidencias que obviamente son \u00f3ptimas para la investigaci\u00f3n y que de alguna manera lo vinculan con el hecho\u201d. <\/p>\n\n\n\n<p>FUENTE: DIARIO EL NORTE<\/p>\n","protected":false},"excerpt":{"rendered":"<p>Ante medios nacionales y locales el fiscal que entiende en la causa, el Dr. Ariel Tempo brind\u00f3 una conferencia de prensa en sede de la fiscal\u00eda sobre c\u00f3mo iba la investigaci\u00f3n.\u201cMerced a versiones que nos fueron suministrando algunos testigos, sabemos que en alg\u00fan momento la joven estuvo en una esquina, que es donde ella vive, [&hellip;]<\/p>\n","protected":false},"author":4,"featured_media":63778,"comment_status":"open","ping_status":"closed","sticky":false,"template":"","format":"standard","meta":{"om_disable_all_campaigns":false,"_jetpack_memberships_contains_paid_content":false,"footnotes":""},"categories":[621],"tags":[],"class_list":["post-63777","post","type-post","status-publish","format-standard","has-post-thumbnail","hentry","category-regionales"],"aioseo_notices":[],"gutentor_comment":0,"jetpack_featured_media_url":"https:\/\/eldiariodesanpedro.com.ar\/sitio\/wp-content\/uploads\/2019\/11\/0-3.jpg","jetpack_shortlink":"https:\/\/wp.me\/p6RhLt-gAF","jetpack_sharing_enabled":true,"_links":{"self":[{"href":"https:\/\/eldiariodesanpedro.com.ar\/sitio\/wp-json\/wp\/v2\/posts\/63777","targetHints":{"allow":["GET"]}}],"collection":[{"href":"https:\/\/eldiariodesanpedro.com.ar\/sitio\/wp-json\/wp\/v2\/posts"}],"about":[{"href":"https:\/\/eldiariodesanpedro.com.ar\/sitio\/wp-json\/wp\/v2\/types\/post"}],"author":[{"embeddable":true,"href":"https:\/\/eldiariodesanpedro.com.ar\/sitio\/wp-json\/wp\/v2\/users\/4"}],"replies":[{"embeddable":true,"href":"https:\/\/eldiariodesanpedro.com.ar\/sitio\/wp-json\/wp\/v2\/comments?post=63777"}],"version-history":[{"count":1,"href":"https:\/\/eldiariodesanpedro.com.ar\/sitio\/wp-json\/wp\/v2\/posts\/63777\/revisions"}],"predecessor-version":[{"id":63779,"href":"https:\/\/eldiariodesanpedro.com.ar\/sitio\/wp-json\/wp\/v2\/posts\/63777\/revisions\/63779"}],"wp:featuredmedia":[{"embeddable":true,"href":"https:\/\/eldiariodesanpedro.com.ar\/sitio\/wp-json\/wp\/v2\/media\/63778"}],"wp:attachment":[{"href":"https:\/\/eldiariodesanpedro.com.ar\/sitio\/wp-json\/wp\/v2\/media?parent=63777"}],"wp:term":[{"taxonomy":"category","embeddable":true,"href":"https:\/\/eldiariodesanpedro.com.ar\/sitio\/wp-json\/wp\/v2\/categories?post=63777"},{"taxonomy":"post_tag","embeddable":true,"href":"https:\/\/eldiariodesanpedro.com.ar\/sitio\/wp-json\/wp\/v2\/tags?post=63777"}],"curies":[{"name":"wp","href":"https:\/\/api.w.org\/{rel}","templated":true}]}}