{"id":63775,"date":"2019-11-09T12:03:01","date_gmt":"2019-11-09T15:03:01","guid":{"rendered":"https:\/\/eldiariodesanpedro.com.ar\/sitio\/?p=63775"},"modified":"2019-11-09T12:03:05","modified_gmt":"2019-11-09T15:03:05","slug":"campana-el-hospital-municipal-san-jose-tendra-una-ventanilla-de-provincia-net","status":"publish","type":"post","link":"https:\/\/eldiariodesanpedro.com.ar\/sitio\/campana-el-hospital-municipal-san-jose-tendra-una-ventanilla-de-provincia-net\/","title":{"rendered":"CAMPANA: El Hospital Municipal San Jos\u00e9 tendr\u00e1 una ventanilla de Provincia Net"},"content":{"rendered":"<!-- VideographyWP Plugin Message: Automatic video embedding prevented by plugin options. -->\n\n<p> Permitir\u00e1 a los empleados y vecinos pagar impuestos y servicios y extraer dinero. Su apertura se prev\u00e9 para el mes de diciembre.\u00a0<\/p>\n\n\n\n<p> Con el objetivo de agilizar los tr\u00e1mites que realizan los vecinos, Provincia Net suma una nueva ventanilla en la ciudad.<\/p>\n\n\n\n<p>En esta oportunidad, ser\u00e1 en el Hospital Municipal San Jos\u00e9 donde empleados y vecinos podr\u00e1n realizar el pago de impuestos y servicios y extraer dinero.<\/p>\n\n\n\n<p>Este nuevo espacio se ubicar\u00e1 en la planta baja del nosocomio local y se podr\u00e1 acceder tanto por la entrada principal como por la guardia.<\/p>\n\n\n\n<p>Su apertura est\u00e1 prevista para diciembre y se sumar\u00e1 a la ventanilla ya instalada en la Direcci\u00f3n de Tr\u00e1nsito y Transporte, entre otros lugares. <\/p>\n\n\n\n<p>FUENTE: CAMPANA NOTICIAS<\/p>\n","protected":false},"excerpt":{"rendered":"<p>Permitir\u00e1 a los empleados y vecinos pagar impuestos y servicios y extraer dinero. Su apertura se prev\u00e9 para el mes de diciembre.\u00a0 Con el objetivo de agilizar los tr\u00e1mites que realizan los vecinos, Provincia Net suma una nueva ventanilla en la ciudad. En esta oportunidad, ser\u00e1 en el Hospital Municipal San Jos\u00e9 donde empleados y [&hellip;]<\/p>\n","protected":false},"author":4,"featured_media":0,"comment_status":"open","ping_status":"closed","sticky":false,"template":"","format":"standard","meta":{"om_disable_all_campaigns":false,"_jetpack_memberships_contains_paid_content":false,"footnotes":""},"categories":[2],"tags":[],"class_list":["post-63775","post","type-post","status-publish","format-standard","hentry","category-locales"],"aioseo_notices":[],"gutentor_comment":0,"jetpack_featured_media_url":"","jetpack_shortlink":"https:\/\/wp.me\/p6RhLt-gAD","jetpack_sharing_enabled":true,"_links":{"self":[{"href":"https:\/\/eldiariodesanpedro.com.ar\/sitio\/wp-json\/wp\/v2\/posts\/63775","targetHints":{"allow":["GET"]}}],"collection":[{"href":"https:\/\/eldiariodesanpedro.com.ar\/sitio\/wp-json\/wp\/v2\/posts"}],"about":[{"href":"https:\/\/eldiariodesanpedro.com.ar\/sitio\/wp-json\/wp\/v2\/types\/post"}],"author":[{"embeddable":true,"href":"https:\/\/eldiariodesanpedro.com.ar\/sitio\/wp-json\/wp\/v2\/users\/4"}],"replies":[{"embeddable":true,"href":"https:\/\/eldiariodesanpedro.com.ar\/sitio\/wp-json\/wp\/v2\/comments?post=63775"}],"version-history":[{"count":1,"href":"https:\/\/eldiariodesanpedro.com.ar\/sitio\/wp-json\/wp\/v2\/posts\/63775\/revisions"}],"predecessor-version":[{"id":63776,"href":"https:\/\/eldiariodesanpedro.com.ar\/sitio\/wp-json\/wp\/v2\/posts\/63775\/revisions\/63776"}],"wp:attachment":[{"href":"https:\/\/eldiariodesanpedro.com.ar\/sitio\/wp-json\/wp\/v2\/media?parent=63775"}],"wp:term":[{"taxonomy":"category","embeddable":true,"href":"https:\/\/eldiariodesanpedro.com.ar\/sitio\/wp-json\/wp\/v2\/categories?post=63775"},{"taxonomy":"post_tag","embeddable":true,"href":"https:\/\/eldiariodesanpedro.com.ar\/sitio\/wp-json\/wp\/v2\/tags?post=63775"}],"curies":[{"name":"wp","href":"https:\/\/api.w.org\/{rel}","templated":true}]}}