{"id":63772,"date":"2019-11-09T12:00:50","date_gmt":"2019-11-09T15:00:50","guid":{"rendered":"https:\/\/eldiariodesanpedro.com.ar\/sitio\/?p=63772"},"modified":"2019-11-09T12:00:54","modified_gmt":"2019-11-09T15:00:54","slug":"campana-se-realizo-la-primera-marcha-del-orgullo-en-la-ciudad-de-campana","status":"publish","type":"post","link":"https:\/\/eldiariodesanpedro.com.ar\/sitio\/campana-se-realizo-la-primera-marcha-del-orgullo-en-la-ciudad-de-campana\/","title":{"rendered":"CAMPANA: Se realiz\u00f3 la Primera Marcha del Orgullo en la ciudad de Campana"},"content":{"rendered":"<!-- VideographyWP Plugin Message: Automatic video embedding prevented by plugin options. -->\n\n<p> Con una alta concurrencia, se llev\u00f3 a cabo el d\u00eda de ayer la primera marcha por los derechos del colectivo LGTB+ a nivel local, partiendo de la Plaza Eduardo Costa.<\/p>\n\n\n\n<p>\n\nEl evento tuvo inicio en horas de la tarde, cuando vecinos de toda la regi\u00f3n se convocaron en la Plaza Eduardo Costa para participar de lo que fue la vig\u00e9simo octava Marcha del Orgullo LGTB+, y la primera en nuestra localidad. La ocasi\u00f3n cont\u00f3 con la presencia de varios oradores, entre los que se encontr\u00f3 la Diputada provincial electa Soledad Alonso. La marcha fue liderada por Jimena Benavidez, una militante transexual miembro del Movimiento Evita.<\/p>\n\n\n\n<p>Acompa\u00f1ada de una fuerte presencia de las fuerzas de seguridad, el colectivo realiz\u00f3 desde las 6 de la tarde un recorrido partiendo del Instituto 15, rodeando la plaza para bajar y luego subir la Avenida Rocca, pronunciando c\u00e1nticos propios de la causa.<\/p>\n\n\n\n<p>Una vez finalizado el recorrido, los presentes se reunieron frente a un escenario en el Patio de las Am\u00e9ricas, donde expusieron varios oradores adem\u00e1s de Benavidez, como es el caso del concejal Oscar Echegaray, tambi\u00e9n del Movimiento Evita, e integrantes del movimiento LGTB+, a saber \u201cToby\u201d y Facundo Lurbe (a nivel local), junto a Vanesa Cufr\u00e9, Vanesa Silva y Anah\u00ed Pozas Ducid (a nivel regional y nacional). Por \u00faltimo hizo uso de la palabra Soledad Alonso, vecina de Campana y Diputada provincial electa por el Frente de Todos.<\/p>\n\n\n\n<p>Los oradores hicieron hincapi\u00e9 en la necesidad de promulgar una Ley de Educaci\u00f3n Sexual Integral, la creaci\u00f3n de consultorios inclusivos, y cupos para personas trans en el ambiente laboral, para ayudar a mejorar la calidad de aquellos pertenecientes a este grupo social, y garantizar sus derechos. <\/p>\n\n\n\n<p>Fuente: Campana Noticias<\/p>\n\n\n\n<p><br><\/p>\n","protected":false},"excerpt":{"rendered":"<p>Con una alta concurrencia, se llev\u00f3 a cabo el d\u00eda de ayer la primera marcha por los derechos del colectivo LGTB+ a nivel local, partiendo de la Plaza Eduardo Costa. El evento tuvo inicio en horas de la tarde, cuando vecinos de toda la regi\u00f3n se convocaron en la Plaza Eduardo Costa para participar de [&hellip;]<\/p>\n","protected":false},"author":4,"featured_media":63773,"comment_status":"open","ping_status":"closed","sticky":false,"template":"","format":"standard","meta":{"om_disable_all_campaigns":false,"_jetpack_memberships_contains_paid_content":false,"footnotes":""},"categories":[621],"tags":[],"class_list":["post-63772","post","type-post","status-publish","format-standard","has-post-thumbnail","hentry","category-regionales"],"aioseo_notices":[],"gutentor_comment":0,"jetpack_featured_media_url":"https:\/\/eldiariodesanpedro.com.ar\/sitio\/wp-content\/uploads\/2019\/11\/20191109104533-1.jpg","jetpack_shortlink":"https:\/\/wp.me\/p6RhLt-gAA","jetpack_sharing_enabled":true,"_links":{"self":[{"href":"https:\/\/eldiariodesanpedro.com.ar\/sitio\/wp-json\/wp\/v2\/posts\/63772","targetHints":{"allow":["GET"]}}],"collection":[{"href":"https:\/\/eldiariodesanpedro.com.ar\/sitio\/wp-json\/wp\/v2\/posts"}],"about":[{"href":"https:\/\/eldiariodesanpedro.com.ar\/sitio\/wp-json\/wp\/v2\/types\/post"}],"author":[{"embeddable":true,"href":"https:\/\/eldiariodesanpedro.com.ar\/sitio\/wp-json\/wp\/v2\/users\/4"}],"replies":[{"embeddable":true,"href":"https:\/\/eldiariodesanpedro.com.ar\/sitio\/wp-json\/wp\/v2\/comments?post=63772"}],"version-history":[{"count":1,"href":"https:\/\/eldiariodesanpedro.com.ar\/sitio\/wp-json\/wp\/v2\/posts\/63772\/revisions"}],"predecessor-version":[{"id":63774,"href":"https:\/\/eldiariodesanpedro.com.ar\/sitio\/wp-json\/wp\/v2\/posts\/63772\/revisions\/63774"}],"wp:featuredmedia":[{"embeddable":true,"href":"https:\/\/eldiariodesanpedro.com.ar\/sitio\/wp-json\/wp\/v2\/media\/63773"}],"wp:attachment":[{"href":"https:\/\/eldiariodesanpedro.com.ar\/sitio\/wp-json\/wp\/v2\/media?parent=63772"}],"wp:term":[{"taxonomy":"category","embeddable":true,"href":"https:\/\/eldiariodesanpedro.com.ar\/sitio\/wp-json\/wp\/v2\/categories?post=63772"},{"taxonomy":"post_tag","embeddable":true,"href":"https:\/\/eldiariodesanpedro.com.ar\/sitio\/wp-json\/wp\/v2\/tags?post=63772"}],"curies":[{"name":"wp","href":"https:\/\/api.w.org\/{rel}","templated":true}]}}