{"id":63769,"date":"2019-11-09T11:51:53","date_gmt":"2019-11-09T14:51:53","guid":{"rendered":"https:\/\/eldiariodesanpedro.com.ar\/sitio\/?p=63769"},"modified":"2019-11-09T11:51:59","modified_gmt":"2019-11-09T14:51:59","slug":"por-un-robo-en-baradero-oriundo-de-colon-fue-detenido-en-pergamino-con-un-arma-de-guerra-y-250-mil-pesos","status":"publish","type":"post","link":"https:\/\/eldiariodesanpedro.com.ar\/sitio\/por-un-robo-en-baradero-oriundo-de-colon-fue-detenido-en-pergamino-con-un-arma-de-guerra-y-250-mil-pesos\/","title":{"rendered":"Por un robo en Baradero: Oriundo de Col\u00f3n fue detenido en Pergamino con un arma de guerra y 250 mil pesos"},"content":{"rendered":"<!-- VideographyWP Plugin Message: Automatic video embedding prevented by plugin options. -->\n\n<div class=\"wp-block-image\"><figure class=\"alignleft\"><img decoding=\"async\" data-attachment-id=\"28427\" data-permalink=\"https:\/\/eldiariodesanpedro.com.ar\/sitio\/escobar-intiman-a-residentes-de-barrios-privados-a-que-regularicen-su-situacion-impositiva-con-la-comuna\/barrios-cerrados-intimacion\/\" data-orig-file=\"https:\/\/eldiariodesanpedro.com.ar\/sitio\/wp-content\/uploads\/2018\/01\/barrios-cerrados-intimacion.jpeg\" data-orig-size=\"696,463\" data-comments-opened=\"1\" data-image-meta=\"{&quot;aperture&quot;:&quot;0&quot;,&quot;credit&quot;:&quot;&quot;,&quot;camera&quot;:&quot;&quot;,&quot;caption&quot;:&quot;&quot;,&quot;created_timestamp&quot;:&quot;0&quot;,&quot;copyright&quot;:&quot;&quot;,&quot;focal_length&quot;:&quot;0&quot;,&quot;iso&quot;:&quot;0&quot;,&quot;shutter_speed&quot;:&quot;0&quot;,&quot;title&quot;:&quot;&quot;,&quot;orientation&quot;:&quot;0&quot;}\" data-image-title=\"barrios-cerrados-intimacion\" data-image-description=\"\" data-image-caption=\"\" data-large-file=\"https:\/\/eldiariodesanpedro.com.ar\/sitio\/wp-content\/uploads\/2018\/01\/barrios-cerrados-intimacion.jpeg\" data-src=\"http:\/\/colonbuenosaires.com.ar\/elfaro\/wp-content\/uploads\/2019\/11\/policia-300x150.jpg\" alt=\"\" class=\"wp-image-28427 lazyload\" src=\"data:image\/svg+xml;base64,PHN2ZyB3aWR0aD0iMSIgaGVpZ2h0PSIxIiB4bWxucz0iaHR0cDovL3d3dy53My5vcmcvMjAwMC9zdmciPjwvc3ZnPg==\" style=\"--smush-placeholder-width: 300px; --smush-placeholder-aspect-ratio: 300\/150;\" \/><\/figure><\/div>\n\n\n\n<p>El joven de 28 a\u00f1os fue aprehendido en la ruta N\u00ba 188 kil\u00f3metro 72 por personal del Destacamento Vial de Pergamino. En una requisa de urgencia la Polic\u00eda Vial encuentra 250 mil pesos, una caja de bala, y un rev\u00f3lver calibre 38 que ten\u00eda un pedido de secuestro de la Polic\u00eda Bonaerense por un il\u00edcito cometido en la ciudad de Baradero. En un momento dado el conductor del auto indica que la mochila era de su propiedad por lo que su acompa\u00f1ante sigue el proceso de libertad . El joven en Col\u00f3n se dedicar\u00eda a la compra venta de autos, reci\u00e9n empezar\u00eda y lo har\u00eda en un galp\u00f3n<\/p>\n\n\n\n<p>El&nbsp; &nbsp;joven aprehendido en el operativo oriundo de Col\u00f3n se encuentra detenido en Pergamino,&nbsp;luego de ser interceptado a bordo de un Volkswagen Vento, color negro teniendo en su poder un arma de guerra y 250 mil pesos en efectivo.<\/p>\n\n\n\n<p>El hecho ocurri\u00f3 en la tarde-noche de ayer en la ruta N\u00ba 188 kil\u00f3metro 72, cuando efectivos del Destacamento Vial Pergamino, a cargo del comisario Juan Malizia, realizaron una requisa en el veh\u00edculo de la marca alemana y encontraron un rev\u00f3lver calibre 38 largo marca Colt, con solicitud de secuestro de la Comisar\u00eda de Baradero por el delito de robo calificado y una importante cantidad de dinero.<br>El sujeto qued\u00f3 a disposici\u00f3n de la Unidad Funcional de Instrucci\u00f3n y Juicio N\u00ba 8, que preside Pablo Santamarina, quien interviene en la causa caratulada portaci\u00f3n ilegal de arma de guerra. El joven declar\u00f3 y recuper\u00f3 la libertad.<\/p>\n\n\n\n<p>FUENTE: BARADERO TE INFORMA<\/p>\n","protected":false},"excerpt":{"rendered":"<p>El joven de 28 a\u00f1os fue aprehendido en la ruta N\u00ba 188 kil\u00f3metro 72 por personal del Destacamento Vial de Pergamino. En una requisa de urgencia la Polic\u00eda Vial encuentra 250 mil pesos, una caja de bala, y un rev\u00f3lver calibre 38 que ten\u00eda un pedido de secuestro de la Polic\u00eda Bonaerense por un il\u00edcito [&hellip;]<\/p>\n","protected":false},"author":4,"featured_media":63703,"comment_status":"open","ping_status":"closed","sticky":false,"template":"","format":"standard","meta":{"om_disable_all_campaigns":false,"_jetpack_memberships_contains_paid_content":false,"footnotes":""},"categories":[621],"tags":[],"class_list":["post-63769","post","type-post","status-publish","format-standard","has-post-thumbnail","hentry","category-regionales"],"aioseo_notices":[],"gutentor_comment":0,"jetpack_featured_media_url":"https:\/\/eldiariodesanpedro.com.ar\/sitio\/wp-content\/uploads\/2019\/11\/Durante-el-operativo-tambi\u00e9n-particip\u00f3-personal-policial-696x522.jpg","jetpack_shortlink":"https:\/\/wp.me\/p6RhLt-gAx","jetpack_sharing_enabled":true,"_links":{"self":[{"href":"https:\/\/eldiariodesanpedro.com.ar\/sitio\/wp-json\/wp\/v2\/posts\/63769","targetHints":{"allow":["GET"]}}],"collection":[{"href":"https:\/\/eldiariodesanpedro.com.ar\/sitio\/wp-json\/wp\/v2\/posts"}],"about":[{"href":"https:\/\/eldiariodesanpedro.com.ar\/sitio\/wp-json\/wp\/v2\/types\/post"}],"author":[{"embeddable":true,"href":"https:\/\/eldiariodesanpedro.com.ar\/sitio\/wp-json\/wp\/v2\/users\/4"}],"replies":[{"embeddable":true,"href":"https:\/\/eldiariodesanpedro.com.ar\/sitio\/wp-json\/wp\/v2\/comments?post=63769"}],"version-history":[{"count":1,"href":"https:\/\/eldiariodesanpedro.com.ar\/sitio\/wp-json\/wp\/v2\/posts\/63769\/revisions"}],"predecessor-version":[{"id":63771,"href":"https:\/\/eldiariodesanpedro.com.ar\/sitio\/wp-json\/wp\/v2\/posts\/63769\/revisions\/63771"}],"wp:featuredmedia":[{"embeddable":true,"href":"https:\/\/eldiariodesanpedro.com.ar\/sitio\/wp-json\/wp\/v2\/media\/63703"}],"wp:attachment":[{"href":"https:\/\/eldiariodesanpedro.com.ar\/sitio\/wp-json\/wp\/v2\/media?parent=63769"}],"wp:term":[{"taxonomy":"category","embeddable":true,"href":"https:\/\/eldiariodesanpedro.com.ar\/sitio\/wp-json\/wp\/v2\/categories?post=63769"},{"taxonomy":"post_tag","embeddable":true,"href":"https:\/\/eldiariodesanpedro.com.ar\/sitio\/wp-json\/wp\/v2\/tags?post=63769"}],"curies":[{"name":"wp","href":"https:\/\/api.w.org\/{rel}","templated":true}]}}