{"id":63765,"date":"2019-11-09T11:49:21","date_gmt":"2019-11-09T14:49:21","guid":{"rendered":"https:\/\/eldiariodesanpedro.com.ar\/sitio\/?p=63765"},"modified":"2019-11-09T11:49:25","modified_gmt":"2019-11-09T14:49:25","slug":"baradero-policiales-auto-robado-incendiado-y-encontrado","status":"publish","type":"post","link":"https:\/\/eldiariodesanpedro.com.ar\/sitio\/baradero-policiales-auto-robado-incendiado-y-encontrado\/","title":{"rendered":"BARADERO: Policiales: Auto robado, incendiado y encontrado"},"content":{"rendered":"<!-- VideographyWP Plugin Message: Automatic video embedding prevented by plugin options. -->\n\n<p>Hurto \u2013 Hallazgo: Se toma conocimiento que en la localidad de Alsina se encontr\u00f3 un veh\u00edculo incendiado en el acceso. Acuden Bomberos Voluntarios del destacamento Alsina.<\/p>\n\n\n\n<p>El veh\u00edculo, un Ranault Megane II patente HLX996, se inciner\u00f3 por completo.<\/p>\n\n\n\n<p>Su propietario refiere que dej\u00f3 el mismo fuera de su casa a las 20:00 Hs., constatando el faltante a las 04:000 Hs.<\/p>\n\n\n\n<p>Fuente: Baradero Te informa<\/p>\n","protected":false},"excerpt":{"rendered":"<p>Hurto \u2013 Hallazgo: Se toma conocimiento que en la localidad de Alsina se encontr\u00f3 un veh\u00edculo incendiado en el acceso. Acuden Bomberos Voluntarios del destacamento Alsina. El veh\u00edculo, un Ranault Megane II patente HLX996, se inciner\u00f3 por completo. Su propietario refiere que dej\u00f3 el mismo fuera de su casa a las 20:00 Hs., constatando el [&hellip;]<\/p>\n","protected":false},"author":4,"featured_media":63766,"comment_status":"open","ping_status":"closed","sticky":false,"template":"","format":"standard","meta":{"om_disable_all_campaigns":false,"_jetpack_memberships_contains_paid_content":false,"footnotes":""},"categories":[621],"tags":[],"class_list":["post-63765","post","type-post","status-publish","format-standard","has-post-thumbnail","hentry","category-regionales"],"aioseo_notices":[],"gutentor_comment":0,"jetpack_featured_media_url":"https:\/\/eldiariodesanpedro.com.ar\/sitio\/wp-content\/uploads\/2019\/11\/COMISARIA-bARADERO.jpg","jetpack_shortlink":"https:\/\/wp.me\/p6RhLt-gAt","jetpack_sharing_enabled":true,"_links":{"self":[{"href":"https:\/\/eldiariodesanpedro.com.ar\/sitio\/wp-json\/wp\/v2\/posts\/63765","targetHints":{"allow":["GET"]}}],"collection":[{"href":"https:\/\/eldiariodesanpedro.com.ar\/sitio\/wp-json\/wp\/v2\/posts"}],"about":[{"href":"https:\/\/eldiariodesanpedro.com.ar\/sitio\/wp-json\/wp\/v2\/types\/post"}],"author":[{"embeddable":true,"href":"https:\/\/eldiariodesanpedro.com.ar\/sitio\/wp-json\/wp\/v2\/users\/4"}],"replies":[{"embeddable":true,"href":"https:\/\/eldiariodesanpedro.com.ar\/sitio\/wp-json\/wp\/v2\/comments?post=63765"}],"version-history":[{"count":1,"href":"https:\/\/eldiariodesanpedro.com.ar\/sitio\/wp-json\/wp\/v2\/posts\/63765\/revisions"}],"predecessor-version":[{"id":63767,"href":"https:\/\/eldiariodesanpedro.com.ar\/sitio\/wp-json\/wp\/v2\/posts\/63765\/revisions\/63767"}],"wp:featuredmedia":[{"embeddable":true,"href":"https:\/\/eldiariodesanpedro.com.ar\/sitio\/wp-json\/wp\/v2\/media\/63766"}],"wp:attachment":[{"href":"https:\/\/eldiariodesanpedro.com.ar\/sitio\/wp-json\/wp\/v2\/media?parent=63765"}],"wp:term":[{"taxonomy":"category","embeddable":true,"href":"https:\/\/eldiariodesanpedro.com.ar\/sitio\/wp-json\/wp\/v2\/categories?post=63765"},{"taxonomy":"post_tag","embeddable":true,"href":"https:\/\/eldiariodesanpedro.com.ar\/sitio\/wp-json\/wp\/v2\/tags?post=63765"}],"curies":[{"name":"wp","href":"https:\/\/api.w.org\/{rel}","templated":true}]}}