{"id":63762,"date":"2019-11-09T11:46:57","date_gmt":"2019-11-09T14:46:57","guid":{"rendered":"https:\/\/eldiariodesanpedro.com.ar\/sitio\/?p=63762"},"modified":"2019-11-09T11:49:55","modified_gmt":"2019-11-09T14:49:55","slug":"baradero-noche-violenta-golpes-y-amenazas-con-arma-de-fuego-para-robar-en-dos-viviendas","status":"publish","type":"post","link":"https:\/\/eldiariodesanpedro.com.ar\/sitio\/baradero-noche-violenta-golpes-y-amenazas-con-arma-de-fuego-para-robar-en-dos-viviendas\/","title":{"rendered":"BARADERO: Noche violenta: Golpes y amenazas con arma de fuego para robar en dos viviendas"},"content":{"rendered":"<!-- VideographyWP Plugin Message: Automatic video embedding prevented by plugin options. -->\n\n<p>Robo: Un hombre mayor de edad denunci\u00f3 que, mientras su abuelo de 82 a\u00f1os se encontraba en su vivienda de Roque Saenz Pe\u00f1a 423, dos individuos encapuchados y con el rostro cubierto, irrumpen a la fuerza e ingresan agredi\u00e9ndolo f\u00edsicamente, despoj\u00e1ndolo de dinero en efectivo, un revolver calibre 22 y el monitor de las c\u00e1maras de seguridad junto a DVR. La victima se encuentra internado en la cl\u00ednica privada por lo cual fue imposible tomarle declaraci\u00f3n testimonial.<\/p>\n\n\n\n<p>Robo calificado \u2013 Allanamiento: Tambi\u00e9n ayer, un vecino mayor de edad denuncio que mientras se encontraba en su vivienda de Gazc\u00f3n 105 junto a su familia, dos hombres mediante intimidaci\u00f3n de arma de fuego le sustraen dinero en efectivo y equipo de telefon\u00eda celular.<\/p>\n\n\n\n<p>Personal de la comisaria tras investigar y rastrear los tel\u00e9fonos, solicita una orden de allanamiento urgente, para un domicilio de Jan XII S\/N entre Jun\u00edn y Maip\u00fa, la cual fue otorgada pero arrojo resultado negativo. Sin embargo en la vereda se encontraron dos celulares Samsung J7 propiedad de los damnificados.<\/p>\n\n\n\n<p>FUENTE: BARADERO TE INFORMA<\/p>\n","protected":false},"excerpt":{"rendered":"<p>Robo: Un hombre mayor de edad denunci\u00f3 que, mientras su abuelo de 82 a\u00f1os se encontraba en su vivienda de Roque Saenz Pe\u00f1a 423, dos individuos encapuchados y con el rostro cubierto, irrumpen a la fuerza e ingresan agredi\u00e9ndolo f\u00edsicamente, despoj\u00e1ndolo de dinero en efectivo, un revolver calibre 22 y el monitor de las c\u00e1maras [&hellip;]<\/p>\n","protected":false},"author":4,"featured_media":63763,"comment_status":"open","ping_status":"closed","sticky":false,"template":"","format":"standard","meta":{"om_disable_all_campaigns":false,"_jetpack_memberships_contains_paid_content":false,"footnotes":""},"categories":[621],"tags":[],"class_list":["post-63762","post","type-post","status-publish","format-standard","has-post-thumbnail","hentry","category-regionales"],"aioseo_notices":[],"gutentor_comment":0,"jetpack_featured_media_url":"https:\/\/eldiariodesanpedro.com.ar\/sitio\/wp-content\/uploads\/2019\/11\/pistola-arma.jpg","jetpack_shortlink":"https:\/\/wp.me\/p6RhLt-gAq","jetpack_sharing_enabled":true,"_links":{"self":[{"href":"https:\/\/eldiariodesanpedro.com.ar\/sitio\/wp-json\/wp\/v2\/posts\/63762","targetHints":{"allow":["GET"]}}],"collection":[{"href":"https:\/\/eldiariodesanpedro.com.ar\/sitio\/wp-json\/wp\/v2\/posts"}],"about":[{"href":"https:\/\/eldiariodesanpedro.com.ar\/sitio\/wp-json\/wp\/v2\/types\/post"}],"author":[{"embeddable":true,"href":"https:\/\/eldiariodesanpedro.com.ar\/sitio\/wp-json\/wp\/v2\/users\/4"}],"replies":[{"embeddable":true,"href":"https:\/\/eldiariodesanpedro.com.ar\/sitio\/wp-json\/wp\/v2\/comments?post=63762"}],"version-history":[{"count":2,"href":"https:\/\/eldiariodesanpedro.com.ar\/sitio\/wp-json\/wp\/v2\/posts\/63762\/revisions"}],"predecessor-version":[{"id":63768,"href":"https:\/\/eldiariodesanpedro.com.ar\/sitio\/wp-json\/wp\/v2\/posts\/63762\/revisions\/63768"}],"wp:featuredmedia":[{"embeddable":true,"href":"https:\/\/eldiariodesanpedro.com.ar\/sitio\/wp-json\/wp\/v2\/media\/63763"}],"wp:attachment":[{"href":"https:\/\/eldiariodesanpedro.com.ar\/sitio\/wp-json\/wp\/v2\/media?parent=63762"}],"wp:term":[{"taxonomy":"category","embeddable":true,"href":"https:\/\/eldiariodesanpedro.com.ar\/sitio\/wp-json\/wp\/v2\/categories?post=63762"},{"taxonomy":"post_tag","embeddable":true,"href":"https:\/\/eldiariodesanpedro.com.ar\/sitio\/wp-json\/wp\/v2\/tags?post=63762"}],"curies":[{"name":"wp","href":"https:\/\/api.w.org\/{rel}","templated":true}]}}