{"id":63756,"date":"2019-11-09T11:40:23","date_gmt":"2019-11-09T14:40:23","guid":{"rendered":"https:\/\/eldiariodesanpedro.com.ar\/sitio\/?p=63756"},"modified":"2019-11-09T11:40:29","modified_gmt":"2019-11-09T14:40:29","slug":"dos-aprehendidos-por-captura-activa-2","status":"publish","type":"post","link":"https:\/\/eldiariodesanpedro.com.ar\/sitio\/dos-aprehendidos-por-captura-activa-2\/","title":{"rendered":"Dos aprehendidos por captura activa"},"content":{"rendered":"<!-- VideographyWP Plugin Message: Automatic video embedding prevented by plugin options. -->\n\n<p>Tras operativos de recorrida habitual, personal policial aprehendio a dos ciudadanos con pedido de captura activo.<\/p>\n\n\n\n<p>En intersecci\u00f3n de las calles San Mart\u00edn y Almafuerte, se\u00a0 aprehende a un masculino de 28 a\u00f1os de edad, sobre quien pesa Pedido de Captura Activa, a requerimiento Juzgado Correcci\u00f3n 4 de Quilmes.<\/p>\n\n\n\n<p>Tambi\u00e9n se  aprehende a un joven de 27, virtud mismo al ser cursado datos filiatorios presenta PEDIDO CAPTURA ACTIVA, a requerimiento del Tribunal Oral Criminal 14 de Capital Federal, caratulada ROBO.<\/p>\n","protected":false},"excerpt":{"rendered":"<p>Tras operativos de recorrida habitual, personal policial aprehendio a dos ciudadanos con pedido de captura activo. En intersecci\u00f3n de las calles San Mart\u00edn y Almafuerte, se\u00a0 aprehende a un masculino de 28 a\u00f1os de edad, sobre quien pesa Pedido de Captura Activa, a requerimiento Juzgado Correcci\u00f3n 4 de Quilmes. Tambi\u00e9n se aprehende a un joven [&hellip;]<\/p>\n","protected":false},"author":4,"featured_media":60820,"comment_status":"open","ping_status":"closed","sticky":false,"template":"","format":"standard","meta":{"om_disable_all_campaigns":false,"_jetpack_memberships_contains_paid_content":false,"footnotes":""},"categories":[2,103],"tags":[],"class_list":["post-63756","post","type-post","status-publish","format-standard","has-post-thumbnail","hentry","category-locales","category-policiales-locales"],"aioseo_notices":[],"gutentor_comment":0,"jetpack_featured_media_url":"https:\/\/eldiariodesanpedro.com.ar\/sitio\/wp-content\/uploads\/2019\/09\/menor-aprehendido.jpg","jetpack_shortlink":"https:\/\/wp.me\/p6RhLt-gAk","jetpack_sharing_enabled":true,"_links":{"self":[{"href":"https:\/\/eldiariodesanpedro.com.ar\/sitio\/wp-json\/wp\/v2\/posts\/63756","targetHints":{"allow":["GET"]}}],"collection":[{"href":"https:\/\/eldiariodesanpedro.com.ar\/sitio\/wp-json\/wp\/v2\/posts"}],"about":[{"href":"https:\/\/eldiariodesanpedro.com.ar\/sitio\/wp-json\/wp\/v2\/types\/post"}],"author":[{"embeddable":true,"href":"https:\/\/eldiariodesanpedro.com.ar\/sitio\/wp-json\/wp\/v2\/users\/4"}],"replies":[{"embeddable":true,"href":"https:\/\/eldiariodesanpedro.com.ar\/sitio\/wp-json\/wp\/v2\/comments?post=63756"}],"version-history":[{"count":1,"href":"https:\/\/eldiariodesanpedro.com.ar\/sitio\/wp-json\/wp\/v2\/posts\/63756\/revisions"}],"predecessor-version":[{"id":63757,"href":"https:\/\/eldiariodesanpedro.com.ar\/sitio\/wp-json\/wp\/v2\/posts\/63756\/revisions\/63757"}],"wp:featuredmedia":[{"embeddable":true,"href":"https:\/\/eldiariodesanpedro.com.ar\/sitio\/wp-json\/wp\/v2\/media\/60820"}],"wp:attachment":[{"href":"https:\/\/eldiariodesanpedro.com.ar\/sitio\/wp-json\/wp\/v2\/media?parent=63756"}],"wp:term":[{"taxonomy":"category","embeddable":true,"href":"https:\/\/eldiariodesanpedro.com.ar\/sitio\/wp-json\/wp\/v2\/categories?post=63756"},{"taxonomy":"post_tag","embeddable":true,"href":"https:\/\/eldiariodesanpedro.com.ar\/sitio\/wp-json\/wp\/v2\/tags?post=63756"}],"curies":[{"name":"wp","href":"https:\/\/api.w.org\/{rel}","templated":true}]}}