{"id":63754,"date":"2019-11-09T11:14:36","date_gmt":"2019-11-09T14:14:36","guid":{"rendered":"https:\/\/eldiariodesanpedro.com.ar\/sitio\/?p=63754"},"modified":"2019-11-09T11:44:22","modified_gmt":"2019-11-09T14:44:22","slug":"quiso-agredir-a-su-ex-pareja-y-termino-apunalado","status":"publish","type":"post","link":"https:\/\/eldiariodesanpedro.com.ar\/sitio\/quiso-agredir-a-su-ex-pareja-y-termino-apunalado\/","title":{"rendered":"Quiso agredir a su ex pareja y termin\u00f3 apu\u00f1alado"},"content":{"rendered":"<!-- VideographyWP Plugin Message: Automatic video embedding prevented by plugin options. -->\n\n<p>Agresiones y una lesi\u00f3n con arma blanca termin\u00f3 con un joven hospitalizado. Un masculino ingreso a la vivienda de su ex pareja femenina de calle Javier Rivero y Fray Cayetano Rodriguez.<\/p>\n\n\n\n<p> Por la noche del viernes ingreso en el nosocomio local, un joven de 23 a\u00f1os de edad,  con una\u00a0herida de arma blanca.<\/p>\n\n\n\n<p>Seg\u00fan se pudo constatar por una denuncia que se radic\u00f3 de la femenina en la Comisaria de la Mujer y Familia, es que el masculino habr\u00eda ingresado a su vivienda para agredirla, siendo este su ex pareja.<\/p>\n\n\n\n<p> Al parecer, al verse amenazada,  la v\u00edctima agarr\u00f3 un cuchillo y apu\u00f1al\u00f3 al agresor. <\/p>\n\n\n\n<p>El joven se encuentra con una herida de gravedad siendo asistido e el nosocomio local quien llego por sus propios medios \u00abindicaron\u00bb. El Dr Herbas, Jefe de guardia confirmo que se encuentra en terapia intensiva con una herida penetrante en la  regi\u00f3n tor\u00e1xica.<\/p>\n\n\n\n<p>Otra de las denuncias caratuladas como lesiones leves, se radico en la comisaria local cuando un ciudadano que salia de su hogar fue agredido por un grupo de personas que lo golpean sin medir palabras.<\/p>\n\n\n\n<p>La fiscalia N\u00ba5 interviene en el caso y se investiga.<\/p>\n\n\n\n<p><\/p>\n","protected":false},"excerpt":{"rendered":"<p>Agresiones y una lesi\u00f3n con arma blanca termin\u00f3 con un joven hospitalizado. Un masculino ingreso a la vivienda de su ex pareja femenina de calle Javier Rivero y Fray Cayetano Rodriguez. Por la noche del viernes ingreso en el nosocomio local, un joven de 23 a\u00f1os de edad, con una\u00a0herida de arma blanca. Seg\u00fan se [&hellip;]<\/p>\n","protected":false},"author":4,"featured_media":62308,"comment_status":"open","ping_status":"closed","sticky":false,"template":"","format":"standard","meta":{"om_disable_all_campaigns":false,"_jetpack_memberships_contains_paid_content":false,"footnotes":""},"categories":[2,103],"tags":[],"class_list":["post-63754","post","type-post","status-publish","format-standard","has-post-thumbnail","hentry","category-locales","category-policiales-locales"],"aioseo_notices":[],"gutentor_comment":0,"jetpack_featured_media_url":"https:\/\/eldiariodesanpedro.com.ar\/sitio\/wp-content\/uploads\/2019\/10\/guardia-1.jpg","jetpack_shortlink":"https:\/\/wp.me\/p6RhLt-gAi","jetpack_sharing_enabled":true,"_links":{"self":[{"href":"https:\/\/eldiariodesanpedro.com.ar\/sitio\/wp-json\/wp\/v2\/posts\/63754","targetHints":{"allow":["GET"]}}],"collection":[{"href":"https:\/\/eldiariodesanpedro.com.ar\/sitio\/wp-json\/wp\/v2\/posts"}],"about":[{"href":"https:\/\/eldiariodesanpedro.com.ar\/sitio\/wp-json\/wp\/v2\/types\/post"}],"author":[{"embeddable":true,"href":"https:\/\/eldiariodesanpedro.com.ar\/sitio\/wp-json\/wp\/v2\/users\/4"}],"replies":[{"embeddable":true,"href":"https:\/\/eldiariodesanpedro.com.ar\/sitio\/wp-json\/wp\/v2\/comments?post=63754"}],"version-history":[{"count":3,"href":"https:\/\/eldiariodesanpedro.com.ar\/sitio\/wp-json\/wp\/v2\/posts\/63754\/revisions"}],"predecessor-version":[{"id":63761,"href":"https:\/\/eldiariodesanpedro.com.ar\/sitio\/wp-json\/wp\/v2\/posts\/63754\/revisions\/63761"}],"wp:featuredmedia":[{"embeddable":true,"href":"https:\/\/eldiariodesanpedro.com.ar\/sitio\/wp-json\/wp\/v2\/media\/62308"}],"wp:attachment":[{"href":"https:\/\/eldiariodesanpedro.com.ar\/sitio\/wp-json\/wp\/v2\/media?parent=63754"}],"wp:term":[{"taxonomy":"category","embeddable":true,"href":"https:\/\/eldiariodesanpedro.com.ar\/sitio\/wp-json\/wp\/v2\/categories?post=63754"},{"taxonomy":"post_tag","embeddable":true,"href":"https:\/\/eldiariodesanpedro.com.ar\/sitio\/wp-json\/wp\/v2\/tags?post=63754"}],"curies":[{"name":"wp","href":"https:\/\/api.w.org\/{rel}","templated":true}]}}