{"id":63751,"date":"2019-11-09T10:24:11","date_gmt":"2019-11-09T13:24:11","guid":{"rendered":"https:\/\/eldiariodesanpedro.com.ar\/sitio\/?p=63751"},"modified":"2019-11-09T10:24:15","modified_gmt":"2019-11-09T13:24:15","slug":"importante-incendio-en-las-islas","status":"publish","type":"post","link":"https:\/\/eldiariodesanpedro.com.ar\/sitio\/importante-incendio-en-las-islas\/","title":{"rendered":"Importante incendio en las islas"},"content":{"rendered":"<!-- VideographyWP Plugin Message: Automatic video embedding prevented by plugin options. -->\n\n<p> Desde el mi\u00e9rcoles pasado pueden observarse desde la costa de San Pedro   una columna de humo y llamas cubre las islas . Este viernes por la noche el fuego se intensifico mucho mas y hay preocupacion por el estado de los humedales.<\/p>\n\n\n\n<p>Mas de 6 km2 es el per\u00edmetro de  lo que ha alcanzado este siniestro hasta ahora no se pudo determinar c\u00f3mo se hab\u00eda originado el incendio, cuyo foco se observa desde la costa.<\/p>\n\n\n\n<p>Lo cierto es que  la presencia de focos \u00edgneos, encendi\u00f3 el alerta entre los isle\u00f1os y las organizaciones ambientalistas que ven con preocupaci\u00f3n c\u00f3mo se extiende el fen\u00f3meno. <\/p>\n\n\n\n<p> \u00abUna quema en la isla es muy dif\u00edcil de controlar y m\u00e1s dif\u00edcil de apagar todav\u00eda. No hay caminos, no hay cortafuegos y hay que rezar para que el fuego llegue a un curso de agua y se apague\u00bb, expresaron.<\/p>\n","protected":false},"excerpt":{"rendered":"<p>Desde el mi\u00e9rcoles pasado pueden observarse desde la costa de San Pedro una columna de humo y llamas cubre las islas . Este viernes por la noche el fuego se intensifico mucho mas y hay preocupacion por el estado de los humedales. Mas de 6 km2 es el per\u00edmetro de lo que ha alcanzado este [&hellip;]<\/p>\n","protected":false},"author":4,"featured_media":63752,"comment_status":"open","ping_status":"closed","sticky":false,"template":"","format":"standard","meta":{"om_disable_all_campaigns":false,"_jetpack_memberships_contains_paid_content":false,"footnotes":""},"categories":[101,2],"tags":[],"class_list":["post-63751","post","type-post","status-publish","format-standard","has-post-thumbnail","hentry","category-interes-general-locales","category-locales"],"aioseo_notices":[],"gutentor_comment":0,"jetpack_featured_media_url":"https:\/\/eldiariodesanpedro.com.ar\/sitio\/wp-content\/uploads\/2019\/11\/WhatsApp-Image-2019-11-08-at-11.56.27-PM.jpeg","jetpack_shortlink":"https:\/\/wp.me\/p6RhLt-gAf","jetpack_sharing_enabled":true,"_links":{"self":[{"href":"https:\/\/eldiariodesanpedro.com.ar\/sitio\/wp-json\/wp\/v2\/posts\/63751","targetHints":{"allow":["GET"]}}],"collection":[{"href":"https:\/\/eldiariodesanpedro.com.ar\/sitio\/wp-json\/wp\/v2\/posts"}],"about":[{"href":"https:\/\/eldiariodesanpedro.com.ar\/sitio\/wp-json\/wp\/v2\/types\/post"}],"author":[{"embeddable":true,"href":"https:\/\/eldiariodesanpedro.com.ar\/sitio\/wp-json\/wp\/v2\/users\/4"}],"replies":[{"embeddable":true,"href":"https:\/\/eldiariodesanpedro.com.ar\/sitio\/wp-json\/wp\/v2\/comments?post=63751"}],"version-history":[{"count":1,"href":"https:\/\/eldiariodesanpedro.com.ar\/sitio\/wp-json\/wp\/v2\/posts\/63751\/revisions"}],"predecessor-version":[{"id":63753,"href":"https:\/\/eldiariodesanpedro.com.ar\/sitio\/wp-json\/wp\/v2\/posts\/63751\/revisions\/63753"}],"wp:featuredmedia":[{"embeddable":true,"href":"https:\/\/eldiariodesanpedro.com.ar\/sitio\/wp-json\/wp\/v2\/media\/63752"}],"wp:attachment":[{"href":"https:\/\/eldiariodesanpedro.com.ar\/sitio\/wp-json\/wp\/v2\/media?parent=63751"}],"wp:term":[{"taxonomy":"category","embeddable":true,"href":"https:\/\/eldiariodesanpedro.com.ar\/sitio\/wp-json\/wp\/v2\/categories?post=63751"},{"taxonomy":"post_tag","embeddable":true,"href":"https:\/\/eldiariodesanpedro.com.ar\/sitio\/wp-json\/wp\/v2\/tags?post=63751"}],"curies":[{"name":"wp","href":"https:\/\/api.w.org\/{rel}","templated":true}]}}