{"id":6375,"date":"2016-07-26T17:58:52","date_gmt":"2016-07-26T20:58:52","guid":{"rendered":"https:\/\/eldiariodesanpedro.com.ar\/sitio\/?p=6375"},"modified":"2016-07-26T17:58:52","modified_gmt":"2016-07-26T20:58:52","slug":"para-cecilio-salazar-maria-eugenia-es-la-mas-peronista-de-cambiemos","status":"publish","type":"post","link":"https:\/\/eldiariodesanpedro.com.ar\/sitio\/para-cecilio-salazar-maria-eugenia-es-la-mas-peronista-de-cambiemos\/","title":{"rendered":"Para Cecilio Salazar \u00abMar\u00eda Eugenia es la m\u00e1s peronista de Cambiemos\u00bb"},"content":{"rendered":"<p><!-- VideographyWP Plugin Message: Automatic video embedding prevented by plugin options. --><br \/>\n(Agencia NOVA) El jefe comunal del partido de San Pedro, Cecilio Salazar, realiz\u00f3 un balance de los primeros 7 meses de gesti\u00f3n y destac\u00f3 los logros alcanzados en materia de equilibrio fiscal y sobre la gobernadora Mar\u00eda Eugenia Vidal consider\u00f3 que \u201ces la m\u00e1s peronista de Cambiemos\u201d<\/p>\n<p>\u00abEn los primeros 7 meses nos dimos a la tarea de equilibrar las finanzas del municipios, aunque nos complica la deuda preexistente\u00bb, dijo Salazar en di\u00e1logo con NOVA y agreg\u00f3 que \u00abhay una pesada herencia, no se trata de una frase hecha.  \u201cSin embargo logramos terminar con el d\u00e9ficit operativo mensual, es decir las cuentas del d\u00eda a d\u00eda\u00bb.<\/p>\n<p>El jefe comunal remarc\u00f3 que \u00abel gobierno provincial empez\u00f3 a pagar las deudas que ten\u00eda y eso nos ayud\u00f3 a pagar los aguinaldos en junio y adem\u00e1s estamos empezando algunas obras con el dinero que nos toca por el endeudamiento de la provincia que asciende a 67 millones de pesos, de los cuales ya recibimos 17 millones\u00bb.<\/p>\n<p>En ese sentido Salazar destac\u00f3 la inversi\u00f3n en materia de seguridad, con la compra de nuevos veh\u00edculos para la polic\u00eda, la reposici\u00f3n de luminarias y la instalaci\u00f3n de nuevas c\u00e1maras de seguridad que configuran nuevos corredores seguros en la ciudad de San Pedro.<\/p>\n<p>Adem\u00e1s con el dinero girado por la provincia y algunas partidas de naci\u00f3n, comenz\u00f3 la repavimentaci\u00f3n de las rutas 1001 y 191, \u00abdos accesos que estaban destruidos, perjudicando al tr\u00e1nsito interno como al movimiento tur\u00edstico, porque a pesar de ser una ciudad tur\u00edstica por excelencia mucha gente desisti\u00f3 de seguir viniendo por el estado de las ruta\u00bb, explic\u00f3 el intendente.<\/p>\n<p>\u00abPor eso con la mejora de las rutas esperamos que en pocos meses se pueda revertir esa situaci\u00f3n, con el consiguiente impacto econ\u00f3mico para la ciudad por la llegada de turistas, adem\u00e1s de las mejoras en el movimiento interno de las empresas y sobre todo de los peque\u00f1os y medianos productores\u00bb, sum\u00f3 Salazar.<\/p>\n<p>Destac\u00f3 adem\u00e1s la importancia de la adquisici\u00f3n de 4 bombas para mejorar el problema de presi\u00f3n de agua de la ciudad y la puesta en valor de la avenida costanera \u00abque qued\u00f3 destruida tras la inundaci\u00f3n, pero ya estamos repavimentando para devolverle su esplendor\u00bb.<\/p>\n<p>Finalmente y en terreno pol\u00edtico, Salazar record\u00f3 \u201cyo provengo del peronismo, participo del oficialismo por el Partido FE (de Ger\u00f3nimo Venegas), y tenemos muy buena relaci\u00f3n con el gobierno nacional y provincial, para mi Mar\u00eda Eugenia es la m\u00e1s peronista de Cambiemos\u201d, concluy\u00f3.<\/p>\n","protected":false},"excerpt":{"rendered":"<p>(Agencia NOVA) El jefe comunal del partido de San Pedro, Cecilio Salazar, realiz\u00f3 un balance de los primeros 7 meses de gesti\u00f3n y destac\u00f3 los logros alcanzados en materia de equilibrio fiscal y sobre la gobernadora Mar\u00eda Eugenia Vidal consider\u00f3 que \u201ces la m\u00e1s peronista de Cambiemos\u201d \u00abEn los primeros 7 meses nos dimos a [&hellip;]<\/p>\n","protected":false},"author":4,"featured_media":6376,"comment_status":"open","ping_status":"closed","sticky":false,"template":"","format":"standard","meta":{"om_disable_all_campaigns":false,"_jetpack_memberships_contains_paid_content":false,"footnotes":""},"categories":[50,2,102],"tags":[],"class_list":["post-6375","post","type-post","status-publish","format-standard","has-post-thumbnail","hentry","category-destacadas","category-locales","category-politica-locales"],"aioseo_notices":[],"gutentor_comment":0,"jetpack_featured_media_url":"https:\/\/eldiariodesanpedro.com.ar\/sitio\/wp-content\/uploads\/2016\/07\/Salazar_con_Vidal.jpg","jetpack_shortlink":"https:\/\/wp.me\/p6RhLt-1EP","jetpack_sharing_enabled":true,"_links":{"self":[{"href":"https:\/\/eldiariodesanpedro.com.ar\/sitio\/wp-json\/wp\/v2\/posts\/6375","targetHints":{"allow":["GET"]}}],"collection":[{"href":"https:\/\/eldiariodesanpedro.com.ar\/sitio\/wp-json\/wp\/v2\/posts"}],"about":[{"href":"https:\/\/eldiariodesanpedro.com.ar\/sitio\/wp-json\/wp\/v2\/types\/post"}],"author":[{"embeddable":true,"href":"https:\/\/eldiariodesanpedro.com.ar\/sitio\/wp-json\/wp\/v2\/users\/4"}],"replies":[{"embeddable":true,"href":"https:\/\/eldiariodesanpedro.com.ar\/sitio\/wp-json\/wp\/v2\/comments?post=6375"}],"version-history":[{"count":1,"href":"https:\/\/eldiariodesanpedro.com.ar\/sitio\/wp-json\/wp\/v2\/posts\/6375\/revisions"}],"predecessor-version":[{"id":6377,"href":"https:\/\/eldiariodesanpedro.com.ar\/sitio\/wp-json\/wp\/v2\/posts\/6375\/revisions\/6377"}],"wp:featuredmedia":[{"embeddable":true,"href":"https:\/\/eldiariodesanpedro.com.ar\/sitio\/wp-json\/wp\/v2\/media\/6376"}],"wp:attachment":[{"href":"https:\/\/eldiariodesanpedro.com.ar\/sitio\/wp-json\/wp\/v2\/media?parent=6375"}],"wp:term":[{"taxonomy":"category","embeddable":true,"href":"https:\/\/eldiariodesanpedro.com.ar\/sitio\/wp-json\/wp\/v2\/categories?post=6375"},{"taxonomy":"post_tag","embeddable":true,"href":"https:\/\/eldiariodesanpedro.com.ar\/sitio\/wp-json\/wp\/v2\/tags?post=6375"}],"curies":[{"name":"wp","href":"https:\/\/api.w.org\/{rel}","templated":true}]}}