{"id":63736,"date":"2019-11-08T17:24:41","date_gmt":"2019-11-08T20:24:41","guid":{"rendered":"https:\/\/eldiariodesanpedro.com.ar\/sitio\/?p=63736"},"modified":"2019-11-08T17:24:46","modified_gmt":"2019-11-08T20:24:46","slug":"alerta-por-intimaciones-apocrifas-para-un-canon-excepcional-de-carteleria-publica","status":"publish","type":"post","link":"https:\/\/eldiariodesanpedro.com.ar\/sitio\/alerta-por-intimaciones-apocrifas-para-un-canon-excepcional-de-carteleria-publica\/","title":{"rendered":"Alerta por intimaciones ap\u00f3crifas para un canon excepcional de carteler\u00eda p\u00fablica"},"content":{"rendered":"<!-- VideographyWP Plugin Message: Automatic video embedding prevented by plugin options. -->\n\n<p> La Direcci\u00f3n de Rentas de la Municipalidad de San Pedro informa que se ha detectado el env\u00edo de intimaciones de pago, para un supuesto canon excepcional para el Ingreso al Sistema de Carteler\u00eda P\u00fablica, con un modelo de notificaci\u00f3n falsificado.<\/p>\n\n\n\n<p>El formato presenta numerosos indicios que deben ser tenidos en cuenta para NO REALIZAR ning\u00fan pago, utilizando esta intimaci\u00f3n y alude la Ordenanza 1652\/3 que NO EXISTE.<\/p>\n\n\n\n<p>Para cumplimentar con el pago de lo que determina la ordenanza vigente, se env\u00eda otro tipo de documentaci\u00f3n con el logo oficial y la factura correspondiente.<\/p>\n\n\n\n<p>El c\u00f3digo de barras es falso, la denominaci\u00f3n del tributo es incorrecta, no se notifica con n\u00famero de CUIT sino con n\u00famero de cuenta municipal, no existe el canon excepcional por \u00fanica vez y la nota no est\u00e1 suscripta por ninguna \u00e1rea oficial.<\/p>\n\n\n\n<p>Por tal motivo se solicita a los contribuyentes que desconozcan esta documentaci\u00f3n y en lo posible las acerquen a la Direcci\u00f3n de Rentas para continuar con la investigaci\u00f3n iniciada ante este intento de estafa que ser\u00e1 denunciado a la Justicia. <\/p>\n\n\n\n<figure class=\"wp-block-image\"><img decoding=\"async\" width=\"864\" height=\"1152\" data-attachment-id=\"63737\" data-permalink=\"https:\/\/eldiariodesanpedro.com.ar\/sitio\/alerta-por-intimaciones-apocrifas-para-un-canon-excepcional-de-carteleria-publica\/rentas-2\/\" data-orig-file=\"https:\/\/eldiariodesanpedro.com.ar\/sitio\/wp-content\/uploads\/2019\/11\/rentas.jpeg\" data-orig-size=\"864,1152\" data-comments-opened=\"1\" data-image-meta=\"{&quot;aperture&quot;:&quot;0&quot;,&quot;credit&quot;:&quot;&quot;,&quot;camera&quot;:&quot;&quot;,&quot;caption&quot;:&quot;&quot;,&quot;created_timestamp&quot;:&quot;0&quot;,&quot;copyright&quot;:&quot;&quot;,&quot;focal_length&quot;:&quot;0&quot;,&quot;iso&quot;:&quot;0&quot;,&quot;shutter_speed&quot;:&quot;0&quot;,&quot;title&quot;:&quot;&quot;,&quot;orientation&quot;:&quot;0&quot;}\" data-image-title=\"rentas\" data-image-description=\"\" data-image-caption=\"\" data-large-file=\"https:\/\/eldiariodesanpedro.com.ar\/sitio\/wp-content\/uploads\/2019\/11\/rentas-768x1024.jpeg\" data-src=\"https:\/\/i1.wp.com\/eldiariodesanpedro.com.ar\/sitio\/wp-content\/uploads\/2019\/11\/rentas.jpeg?fit=640%2C853\" alt=\"\" class=\"wp-image-63737 lazyload\" data-srcset=\"https:\/\/eldiariodesanpedro.com.ar\/sitio\/wp-content\/uploads\/2019\/11\/rentas.jpeg 864w, https:\/\/eldiariodesanpedro.com.ar\/sitio\/wp-content\/uploads\/2019\/11\/rentas-225x300.jpeg 225w, https:\/\/eldiariodesanpedro.com.ar\/sitio\/wp-content\/uploads\/2019\/11\/rentas-768x1024.jpeg 768w\" data-sizes=\"(max-width: 864px) 100vw, 864px\" src=\"data:image\/svg+xml;base64,PHN2ZyB3aWR0aD0iMSIgaGVpZ2h0PSIxIiB4bWxucz0iaHR0cDovL3d3dy53My5vcmcvMjAwMC9zdmciPjwvc3ZnPg==\" style=\"--smush-placeholder-width: 864px; --smush-placeholder-aspect-ratio: 864\/1152;\" \/><\/figure>\n\n\n\n<p><\/p>\n","protected":false},"excerpt":{"rendered":"<p>La Direcci\u00f3n de Rentas de la Municipalidad de San Pedro informa que se ha detectado el env\u00edo de intimaciones de pago, para un supuesto canon excepcional para el Ingreso al Sistema de Carteler\u00eda P\u00fablica, con un modelo de notificaci\u00f3n falsificado. El formato presenta numerosos indicios que deben ser tenidos en cuenta para NO REALIZAR ning\u00fan [&hellip;]<\/p>\n","protected":false},"author":4,"featured_media":63738,"comment_status":"open","ping_status":"closed","sticky":false,"template":"","format":"standard","meta":{"om_disable_all_campaigns":false,"_jetpack_memberships_contains_paid_content":false,"footnotes":""},"categories":[101,2],"tags":[],"class_list":["post-63736","post","type-post","status-publish","format-standard","has-post-thumbnail","hentry","category-interes-general-locales","category-locales"],"aioseo_notices":[],"gutentor_comment":0,"jetpack_featured_media_url":"https:\/\/eldiariodesanpedro.com.ar\/sitio\/wp-content\/uploads\/2019\/11\/Rentas-Informa01-02-2018.png","jetpack_shortlink":"https:\/\/wp.me\/p6RhLt-gA0","jetpack_sharing_enabled":true,"_links":{"self":[{"href":"https:\/\/eldiariodesanpedro.com.ar\/sitio\/wp-json\/wp\/v2\/posts\/63736","targetHints":{"allow":["GET"]}}],"collection":[{"href":"https:\/\/eldiariodesanpedro.com.ar\/sitio\/wp-json\/wp\/v2\/posts"}],"about":[{"href":"https:\/\/eldiariodesanpedro.com.ar\/sitio\/wp-json\/wp\/v2\/types\/post"}],"author":[{"embeddable":true,"href":"https:\/\/eldiariodesanpedro.com.ar\/sitio\/wp-json\/wp\/v2\/users\/4"}],"replies":[{"embeddable":true,"href":"https:\/\/eldiariodesanpedro.com.ar\/sitio\/wp-json\/wp\/v2\/comments?post=63736"}],"version-history":[{"count":1,"href":"https:\/\/eldiariodesanpedro.com.ar\/sitio\/wp-json\/wp\/v2\/posts\/63736\/revisions"}],"predecessor-version":[{"id":63739,"href":"https:\/\/eldiariodesanpedro.com.ar\/sitio\/wp-json\/wp\/v2\/posts\/63736\/revisions\/63739"}],"wp:featuredmedia":[{"embeddable":true,"href":"https:\/\/eldiariodesanpedro.com.ar\/sitio\/wp-json\/wp\/v2\/media\/63738"}],"wp:attachment":[{"href":"https:\/\/eldiariodesanpedro.com.ar\/sitio\/wp-json\/wp\/v2\/media?parent=63736"}],"wp:term":[{"taxonomy":"category","embeddable":true,"href":"https:\/\/eldiariodesanpedro.com.ar\/sitio\/wp-json\/wp\/v2\/categories?post=63736"},{"taxonomy":"post_tag","embeddable":true,"href":"https:\/\/eldiariodesanpedro.com.ar\/sitio\/wp-json\/wp\/v2\/tags?post=63736"}],"curies":[{"name":"wp","href":"https:\/\/api.w.org\/{rel}","templated":true}]}}