{"id":63732,"date":"2019-11-08T17:21:22","date_gmt":"2019-11-08T20:21:22","guid":{"rendered":"https:\/\/eldiariodesanpedro.com.ar\/sitio\/?p=63732"},"modified":"2019-11-08T17:21:31","modified_gmt":"2019-11-08T20:21:31","slug":"jubilaciones-pensiones-y-asignaciones-familiares-aumentaras-874-desde-el-1-de-diciembre","status":"publish","type":"post","link":"https:\/\/eldiariodesanpedro.com.ar\/sitio\/jubilaciones-pensiones-y-asignaciones-familiares-aumentaras-874-desde-el-1-de-diciembre\/","title":{"rendered":"Jubilaciones, pensiones y asignaciones  familiares aumentaras 8,74% desde el 1 de diciembre"},"content":{"rendered":"<!-- VideographyWP Plugin Message: Automatic video embedding prevented by plugin options. -->\n\n<p>\n\nEn el marco de la Resoluci\u00f3n N\u00ba 27\/2019, ANSES informa que, a partir del 1\u00b0 de diciembre, m\u00e1s de 13 millones de personas recibir\u00e1n un aumento del&nbsp;<strong>8,74%<\/strong>&nbsp;en sus haberes. <\/p>\n\n\n\n<p>De ese total, m\u00e1s de 6,9 millones corresponden a jubilaciones y pensiones; m\u00e1s de 1,6 millones a Pensiones No Contributivas (PNC) y Pensiones Universales para el Adulto Mayor (PUAM), m\u00e1s de 4,5 millones a Asignaciones Familiares (AAFF).&nbsp;Con este cuarto aumento anual, la jubilaci\u00f3n m\u00ednima pasar\u00e1 de $12.937,21 a $14.067,92 y la PUAM ascender\u00e1 de $10.349,77 a $11.254,34. <\/p>\n\n\n\n<p>En tanto, la Asignaci\u00f3n Universal por Hijo y por Embarazo, que favorece en forma directa a 4 millones de ni\u00f1os, ni\u00f1as y adolescentes de 2,2 millones de familias, ser\u00e1 de $2746 por hijo.Tambi\u00e9n aumentar\u00e1 la Ayuda Escolar Anual a $2300 por hijo, que el Estado paga a los trabajadores formales, a quienes cobran la PUAM, la Prestaci\u00f3n por Desempleo y la Asignaci\u00f3n Universal.<\/p>\n\n\n\n<p> Asimismo, la Asignaci\u00f3n Familiar por Hijo con Discapacidad ascender\u00e1 a $8947.&nbsp;<\/p>\n\n\n\n<p><strong>M\u00e1s de 8,6 millones de ni\u00f1os cubiertos por ANSES&nbsp;<\/strong>ANSES brinda cobertura a&nbsp;<strong>8.685.308<\/strong>&nbsp;de ni\u00f1os en la Argentina: 3.691.899 son hijos de trabajadores en relaci\u00f3n de dependencia y monotributistas; 4.072.928 de titulares de la Asignaci\u00f3n Universal; 817.294 de jubilados, pensionados, excombatientes de Malvinas y PNC por Invalidez y 103.187 de los que reciben la Prestaci\u00f3n por Desempleo.&nbsp;<\/p>\n\n\n\n<p>Los nuevos montos y los rangos de ingreso del grupo familiar para las AAFF quedar\u00e1n conformados de la siguiente manera:&nbsp;*&nbsp;<em>Ninguno de los miembros del grupo familiar puede tener ingresos superiores a $53.829.<\/em><br><\/p>\n\n\n\n<figure class=\"wp-block-image\"><img decoding=\"async\" width=\"666\" height=\"191\" data-attachment-id=\"63733\" data-permalink=\"https:\/\/eldiariodesanpedro.com.ar\/sitio\/jubilaciones-pensiones-y-asignaciones-familiares-aumentaras-874-desde-el-1-de-diciembre\/image002\/\" data-orig-file=\"https:\/\/eldiariodesanpedro.com.ar\/sitio\/wp-content\/uploads\/2019\/11\/image002.png\" data-orig-size=\"666,191\" data-comments-opened=\"1\" data-image-meta=\"{&quot;aperture&quot;:&quot;0&quot;,&quot;credit&quot;:&quot;&quot;,&quot;camera&quot;:&quot;&quot;,&quot;caption&quot;:&quot;&quot;,&quot;created_timestamp&quot;:&quot;0&quot;,&quot;copyright&quot;:&quot;&quot;,&quot;focal_length&quot;:&quot;0&quot;,&quot;iso&quot;:&quot;0&quot;,&quot;shutter_speed&quot;:&quot;0&quot;,&quot;title&quot;:&quot;&quot;,&quot;orientation&quot;:&quot;0&quot;}\" data-image-title=\"image002\" data-image-description=\"\" data-image-caption=\"\" data-large-file=\"https:\/\/eldiariodesanpedro.com.ar\/sitio\/wp-content\/uploads\/2019\/11\/image002.png\" data-src=\"https:\/\/eldiariodesanpedro.com.ar\/sitio\/wp-content\/uploads\/2019\/11\/image002.png\" alt=\"\" class=\"wp-image-63733 lazyload\" data-srcset=\"https:\/\/eldiariodesanpedro.com.ar\/sitio\/wp-content\/uploads\/2019\/11\/image002.png 666w, https:\/\/eldiariodesanpedro.com.ar\/sitio\/wp-content\/uploads\/2019\/11\/image002-300x86.png 300w\" data-sizes=\"(max-width: 666px) 100vw, 666px\" src=\"data:image\/svg+xml;base64,PHN2ZyB3aWR0aD0iMSIgaGVpZ2h0PSIxIiB4bWxucz0iaHR0cDovL3d3dy53My5vcmcvMjAwMC9zdmciPjwvc3ZnPg==\" style=\"--smush-placeholder-width: 666px; --smush-placeholder-aspect-ratio: 666\/191;\" \/><\/figure>\n\n\n\n<p>*&nbsp;<em>Ninguno de los miembros del grupo familiar puede tener ingresos superiores a $53.829.<\/em><\/p>\n\n\n\n<p><strong>Otras asignaciones<\/strong><\/p>\n\n\n\n<figure class=\"wp-block-image\"><img decoding=\"async\" width=\"510\" height=\"191\" data-attachment-id=\"63734\" data-permalink=\"https:\/\/eldiariodesanpedro.com.ar\/sitio\/jubilaciones-pensiones-y-asignaciones-familiares-aumentaras-874-desde-el-1-de-diciembre\/image003\/\" data-orig-file=\"https:\/\/eldiariodesanpedro.com.ar\/sitio\/wp-content\/uploads\/2019\/11\/image003.png\" data-orig-size=\"510,191\" data-comments-opened=\"1\" data-image-meta=\"{&quot;aperture&quot;:&quot;0&quot;,&quot;credit&quot;:&quot;&quot;,&quot;camera&quot;:&quot;&quot;,&quot;caption&quot;:&quot;&quot;,&quot;created_timestamp&quot;:&quot;0&quot;,&quot;copyright&quot;:&quot;&quot;,&quot;focal_length&quot;:&quot;0&quot;,&quot;iso&quot;:&quot;0&quot;,&quot;shutter_speed&quot;:&quot;0&quot;,&quot;title&quot;:&quot;&quot;,&quot;orientation&quot;:&quot;0&quot;}\" data-image-title=\"image003\" data-image-description=\"\" data-image-caption=\"\" data-large-file=\"https:\/\/eldiariodesanpedro.com.ar\/sitio\/wp-content\/uploads\/2019\/11\/image003.png\" data-src=\"https:\/\/eldiariodesanpedro.com.ar\/sitio\/wp-content\/uploads\/2019\/11\/image003.png\" alt=\"\" class=\"wp-image-63734 lazyload\" data-srcset=\"https:\/\/eldiariodesanpedro.com.ar\/sitio\/wp-content\/uploads\/2019\/11\/image003.png 510w, https:\/\/eldiariodesanpedro.com.ar\/sitio\/wp-content\/uploads\/2019\/11\/image003-300x112.png 300w\" data-sizes=\"(max-width: 510px) 100vw, 510px\" src=\"data:image\/svg+xml;base64,PHN2ZyB3aWR0aD0iMSIgaGVpZ2h0PSIxIiB4bWxucz0iaHR0cDovL3d3dy53My5vcmcvMjAwMC9zdmciPjwvc3ZnPg==\" style=\"--smush-placeholder-width: 510px; --smush-placeholder-aspect-ratio: 510\/191;\" \/><\/figure>\n","protected":false},"excerpt":{"rendered":"<p>En el marco de la Resoluci\u00f3n N\u00ba 27\/2019, ANSES informa que, a partir del 1\u00b0 de diciembre, m\u00e1s de 13 millones de personas recibir\u00e1n un aumento del&nbsp;8,74%&nbsp;en sus haberes. De ese total, m\u00e1s de 6,9 millones corresponden a jubilaciones y pensiones; m\u00e1s de 1,6 millones a Pensiones No Contributivas (PNC) y Pensiones Universales para el [&hellip;]<\/p>\n","protected":false},"author":4,"featured_media":61166,"comment_status":"open","ping_status":"closed","sticky":false,"template":"","format":"standard","meta":{"om_disable_all_campaigns":false,"_jetpack_memberships_contains_paid_content":false,"footnotes":""},"categories":[101,2],"tags":[],"class_list":["post-63732","post","type-post","status-publish","format-standard","has-post-thumbnail","hentry","category-interes-general-locales","category-locales"],"aioseo_notices":[],"gutentor_comment":0,"jetpack_featured_media_url":"https:\/\/eldiariodesanpedro.com.ar\/sitio\/wp-content\/uploads\/2019\/10\/anses-5.jpg","jetpack_shortlink":"https:\/\/wp.me\/p6RhLt-gzW","jetpack_sharing_enabled":true,"_links":{"self":[{"href":"https:\/\/eldiariodesanpedro.com.ar\/sitio\/wp-json\/wp\/v2\/posts\/63732","targetHints":{"allow":["GET"]}}],"collection":[{"href":"https:\/\/eldiariodesanpedro.com.ar\/sitio\/wp-json\/wp\/v2\/posts"}],"about":[{"href":"https:\/\/eldiariodesanpedro.com.ar\/sitio\/wp-json\/wp\/v2\/types\/post"}],"author":[{"embeddable":true,"href":"https:\/\/eldiariodesanpedro.com.ar\/sitio\/wp-json\/wp\/v2\/users\/4"}],"replies":[{"embeddable":true,"href":"https:\/\/eldiariodesanpedro.com.ar\/sitio\/wp-json\/wp\/v2\/comments?post=63732"}],"version-history":[{"count":1,"href":"https:\/\/eldiariodesanpedro.com.ar\/sitio\/wp-json\/wp\/v2\/posts\/63732\/revisions"}],"predecessor-version":[{"id":63735,"href":"https:\/\/eldiariodesanpedro.com.ar\/sitio\/wp-json\/wp\/v2\/posts\/63732\/revisions\/63735"}],"wp:featuredmedia":[{"embeddable":true,"href":"https:\/\/eldiariodesanpedro.com.ar\/sitio\/wp-json\/wp\/v2\/media\/61166"}],"wp:attachment":[{"href":"https:\/\/eldiariodesanpedro.com.ar\/sitio\/wp-json\/wp\/v2\/media?parent=63732"}],"wp:term":[{"taxonomy":"category","embeddable":true,"href":"https:\/\/eldiariodesanpedro.com.ar\/sitio\/wp-json\/wp\/v2\/categories?post=63732"},{"taxonomy":"post_tag","embeddable":true,"href":"https:\/\/eldiariodesanpedro.com.ar\/sitio\/wp-json\/wp\/v2\/tags?post=63732"}],"curies":[{"name":"wp","href":"https:\/\/api.w.org\/{rel}","templated":true}]}}