{"id":63729,"date":"2019-11-08T14:31:16","date_gmt":"2019-11-08T17:31:16","guid":{"rendered":"https:\/\/eldiariodesanpedro.com.ar\/sitio\/?p=63729"},"modified":"2019-11-08T18:02:50","modified_gmt":"2019-11-08T21:02:50","slug":"lineros-fue-recapturado-y-dejara-de-tener-prision-domiciliaria","status":"publish","type":"post","link":"https:\/\/eldiariodesanpedro.com.ar\/sitio\/lineros-fue-recapturado-y-dejara-de-tener-prision-domiciliaria\/","title":{"rendered":"Lineros fue recapturado y dejar\u00e1 de tener prisi\u00f3n domiciliaria"},"content":{"rendered":"<!-- VideographyWP Plugin Message: Automatic video embedding prevented by plugin options. -->\n\n<p>El peligroso delincuente fue recapturado est\u00e1 ma\u00f1ana por el personal de comisaria y gabinete criminologico, tras tareas de investigaciones por supuestas salidas violando el r\u00e9gimen de prisi\u00f3n domiciliaria por el que cumple condena desde el a\u00f1o 2016 por \u00abhomicidio agravado\u00bb.<\/p>\n\n\n\n<p>La detenci\u00f3n se produjo por la ma\u00f1ana de este  viernes, en su domicilio de calle Beaumont al 500.<\/p>\n\n\n\n<p>La recaptura se logra  con una orden judicial tras arduas tareas investigativas por la presunta  participaci\u00f3n de varios hechos delictivos que han ocurrido en nuestra ciudad, como el \u00faltimo robo de un autom\u00f3vil a una mujer de la tercera edad siendo est\u00e1 su vecina.  <\/p>\n\n\n\n<p>Este Mismo cumplia arresto domiciliario con pulsera de monitoreo de ejecuci\u00f3n de pena en el marco de una causa de Homicidio con intervenci\u00f3n del Juzgado de ejecuci\u00f3n de Pena de San Nicol\u00e1s. <\/p>\n\n\n\n<p>De esta manera permanecer\u00e1 alojado en la comisaria local para en los pr\u00f3ximos d\u00edas ser alojado en unidad carcelaria.<\/p>\n\n\n\n<p> Se le proceder\u00e1 a la quita de la pulsera electr\u00f3nica de monitoreo y ser\u00e1q remitida , siendo esta secuestrada a sede judicial. <\/p>\n\n\n\n<p>A si mismo, a ra\u00edz de la reciente detenci\u00f3n se contin\u00faan las averiguaciones.<\/p>\n\n\n\n<p>Homicidio:<\/p>\n\n\n\n<p>Recordemos que  Pedro Lineros de 50 a\u00f1os de edad se encuentra detenido por el homicidio de \u00abChizito Cabrera\u00bb de 28 a\u00f1os de edad, por un supuesto caso de comercializaci\u00f3n de drogas.<\/p>\n\n\n\n<p>El incidente se produjo el  16 de febrero de 2014, mientras se  jugaba un partido de f\u00fatbol en la cancha del Porvenir.<\/p>\n\n\n\n<p>Lisneros ataca con un arma blanca a Cabrera, quien muere unos d\u00edas despu\u00e9s en el nosocomio local. <\/p>\n\n\n\n<p>Luego de conocerse la noticia de que el joven hab\u00eda fallecido, un grupo de personas balea la casa de Lisneros y logran herirlo de gravedad.<\/p>\n\n\n\n<p>Chizito cabrera estuvo acusado y detenido por presunta participaci\u00f3n en el robo a la Joyer\u00eda Taibo donde el oficial Reyna perdi\u00f3 la vida. Su familia afirma que  Cabrera fue asesinado por \u00abhablar\u00bb, el fue quien denunci\u00f3 el mal accionar de la polic\u00eda, ademas desde la c\u00e1rcel, unos d\u00edas antes de obtener la libertad dialog\u00f3 con un medio de comunicacion radial (Sin Galera &#8211; Lili Berardi) e hizo declaraciones como \u00ab\u00bfQui\u00e9n las trae a las armas a San Pedro, qui\u00e9n entra la droga a San Pedro?. La corrupci\u00f3n m\u00e1s grande est\u00e1 ah\u00ed adentro, supuestamente son todos de afuera los delincuentes; por la manera en que se cometen los hechos, es mentira\u201d, \u00abinvestiguen a los que tienen que investigar, los que tienen que est\u00e1r presos est\u00e1n todos en la calle Mitre, son los que te ponen armas, drogas, toda esa camada. En la c\u00e1rcel est\u00e1 lleno de pibes inocentes\u201d  y aseguro contar todo lo que sabia en una entrevista. <\/p>\n\n\n\n<p>Cabrera 7 d\u00edas despu\u00e9s fue asesinado por Lineros. (2014)<\/p>\n\n\n\n<p>En el 2016 al asesino se le otorga el beneficio de la prisi\u00f3n domiciliaria por presentar problemas f\u00edsicos como consecuencia de la herida grave que le produjo una balacera en su casa el a\u00f1o que fue detenido.<\/p>\n\n\n\n<p>Desde ese momento varias veces fue allanada su casa por presunta venta de drogas o elementos robados.<\/p>\n\n\n\n<p>La fiscal Viviana RAmos varias veces le pidi\u00f3 al juez que anule el beneficio y vuelva a la unidad carcelaria.<\/p>\n\n\n\n<p><\/p>\n","protected":false},"excerpt":{"rendered":"<p>El peligroso delincuente fue recapturado est\u00e1 ma\u00f1ana por el personal de comisaria y gabinete criminologico, tras tareas de investigaciones por supuestas salidas violando el r\u00e9gimen de prisi\u00f3n domiciliaria por el que cumple condena desde el a\u00f1o 2016 por \u00abhomicidio agravado\u00bb. La detenci\u00f3n se produjo por la ma\u00f1ana de este viernes, en su domicilio de calle [&hellip;]<\/p>\n","protected":false},"author":4,"featured_media":63730,"comment_status":"open","ping_status":"closed","sticky":false,"template":"","format":"standard","meta":{"om_disable_all_campaigns":false,"_jetpack_memberships_contains_paid_content":false,"footnotes":""},"categories":[50,2,103],"tags":[],"class_list":["post-63729","post","type-post","status-publish","format-standard","has-post-thumbnail","hentry","category-destacadas","category-locales","category-policiales-locales"],"aioseo_notices":[],"gutentor_comment":0,"jetpack_featured_media_url":"https:\/\/eldiariodesanpedro.com.ar\/sitio\/wp-content\/uploads\/2019\/11\/0_FB_IMG_1573231987975_watermark_vie._08112019_135519.jpg","jetpack_shortlink":"https:\/\/wp.me\/p6RhLt-gzT","jetpack_sharing_enabled":true,"_links":{"self":[{"href":"https:\/\/eldiariodesanpedro.com.ar\/sitio\/wp-json\/wp\/v2\/posts\/63729","targetHints":{"allow":["GET"]}}],"collection":[{"href":"https:\/\/eldiariodesanpedro.com.ar\/sitio\/wp-json\/wp\/v2\/posts"}],"about":[{"href":"https:\/\/eldiariodesanpedro.com.ar\/sitio\/wp-json\/wp\/v2\/types\/post"}],"author":[{"embeddable":true,"href":"https:\/\/eldiariodesanpedro.com.ar\/sitio\/wp-json\/wp\/v2\/users\/4"}],"replies":[{"embeddable":true,"href":"https:\/\/eldiariodesanpedro.com.ar\/sitio\/wp-json\/wp\/v2\/comments?post=63729"}],"version-history":[{"count":2,"href":"https:\/\/eldiariodesanpedro.com.ar\/sitio\/wp-json\/wp\/v2\/posts\/63729\/revisions"}],"predecessor-version":[{"id":63741,"href":"https:\/\/eldiariodesanpedro.com.ar\/sitio\/wp-json\/wp\/v2\/posts\/63729\/revisions\/63741"}],"wp:featuredmedia":[{"embeddable":true,"href":"https:\/\/eldiariodesanpedro.com.ar\/sitio\/wp-json\/wp\/v2\/media\/63730"}],"wp:attachment":[{"href":"https:\/\/eldiariodesanpedro.com.ar\/sitio\/wp-json\/wp\/v2\/media?parent=63729"}],"wp:term":[{"taxonomy":"category","embeddable":true,"href":"https:\/\/eldiariodesanpedro.com.ar\/sitio\/wp-json\/wp\/v2\/categories?post=63729"},{"taxonomy":"post_tag","embeddable":true,"href":"https:\/\/eldiariodesanpedro.com.ar\/sitio\/wp-json\/wp\/v2\/tags?post=63729"}],"curies":[{"name":"wp","href":"https:\/\/api.w.org\/{rel}","templated":true}]}}