{"id":63711,"date":"2019-11-08T10:31:04","date_gmt":"2019-11-08T13:31:04","guid":{"rendered":"https:\/\/eldiariodesanpedro.com.ar\/sitio\/?p=63711"},"modified":"2019-11-08T10:31:08","modified_gmt":"2019-11-08T13:31:08","slug":"campana-roban-dos-dias-seguidos-un-puesto-de-comidas-al-paso","status":"publish","type":"post","link":"https:\/\/eldiariodesanpedro.com.ar\/sitio\/campana-roban-dos-dias-seguidos-un-puesto-de-comidas-al-paso\/","title":{"rendered":"CAMPANA | Roban dos d\u00edas seguidos un puesto de comidas al paso"},"content":{"rendered":"<!-- VideographyWP Plugin Message: Automatic video embedding prevented by plugin options. -->\n\n<p>\n\nSe trata del carrito blanco \u00abEn lo de Mery\u00bb, ubicado frente al Barrio Lubo. En una primera instancia los ladrones rompieron la cerradura para llevarse todo tipo de pertenencias del lugar, s\u00f3lo para retornar el d\u00eda siguiente y llevarse m\u00e1s elementos, haciendo imposible a sus due\u00f1os al d\u00eda de hoy seguir trabajando.<\/p>\n\n\n\n<p>En comunicaci\u00f3n con Campana Noticias, una vecina denunci\u00f3 que su carrito de comidas al paso, ubicado frente al Barrio Lubo sufri\u00f3 robos dos d\u00edas seguidos, y al d\u00eda de hoy no han podido recibir una apropiada respuesta por parte de las autoridades.<\/p>\n\n\n\n<p>En un primer momento, los malhechores violentaron la cerradura que proteg\u00eda los elementos que permit\u00edan el trabajo diario en el lugar, sustrayendo como resultado garrafas, sillas, cervezas, gaseosas, etc.<\/p>\n\n\n\n<p>Y esto no fue todo, los delincuentes retornaron el d\u00eda de ayer, tan solo 24 horas despu\u00e9s, para retirar vasos, cuchillos, platos, y dem\u00e1s materiales, haciendo imposible en la jornada actual el trabajo y atenci\u00f3n al p\u00fablico.<\/p>\n\n\n\n<p>Al d\u00eda de hoy, los vecinos del lugar se encuentran con miedo que esto se vuelva a repetir en una tercera instancia, aunque aseguran que disponen de una c\u00e1mara de seguridad que podr\u00eda haber tomado im\u00e1genes de los malvivientes.<\/p>\n\n\n\n<p>Fuente: Campana Noticias<\/p>\n","protected":false},"excerpt":{"rendered":"<p>Se trata del carrito blanco \u00abEn lo de Mery\u00bb, ubicado frente al Barrio Lubo. En una primera instancia los ladrones rompieron la cerradura para llevarse todo tipo de pertenencias del lugar, s\u00f3lo para retornar el d\u00eda siguiente y llevarse m\u00e1s elementos, haciendo imposible a sus due\u00f1os al d\u00eda de hoy seguir trabajando. En comunicaci\u00f3n con [&hellip;]<\/p>\n","protected":false},"author":4,"featured_media":63712,"comment_status":"open","ping_status":"closed","sticky":false,"template":"","format":"standard","meta":{"om_disable_all_campaigns":false,"_jetpack_memberships_contains_paid_content":false,"footnotes":""},"categories":[621],"tags":[],"class_list":["post-63711","post","type-post","status-publish","format-standard","has-post-thumbnail","hentry","category-regionales"],"aioseo_notices":[],"gutentor_comment":0,"jetpack_featured_media_url":"https:\/\/eldiariodesanpedro.com.ar\/sitio\/wp-content\/uploads\/2019\/11\/20191107095756.jpg","jetpack_shortlink":"https:\/\/wp.me\/p6RhLt-gzB","jetpack_sharing_enabled":true,"_links":{"self":[{"href":"https:\/\/eldiariodesanpedro.com.ar\/sitio\/wp-json\/wp\/v2\/posts\/63711","targetHints":{"allow":["GET"]}}],"collection":[{"href":"https:\/\/eldiariodesanpedro.com.ar\/sitio\/wp-json\/wp\/v2\/posts"}],"about":[{"href":"https:\/\/eldiariodesanpedro.com.ar\/sitio\/wp-json\/wp\/v2\/types\/post"}],"author":[{"embeddable":true,"href":"https:\/\/eldiariodesanpedro.com.ar\/sitio\/wp-json\/wp\/v2\/users\/4"}],"replies":[{"embeddable":true,"href":"https:\/\/eldiariodesanpedro.com.ar\/sitio\/wp-json\/wp\/v2\/comments?post=63711"}],"version-history":[{"count":1,"href":"https:\/\/eldiariodesanpedro.com.ar\/sitio\/wp-json\/wp\/v2\/posts\/63711\/revisions"}],"predecessor-version":[{"id":63713,"href":"https:\/\/eldiariodesanpedro.com.ar\/sitio\/wp-json\/wp\/v2\/posts\/63711\/revisions\/63713"}],"wp:featuredmedia":[{"embeddable":true,"href":"https:\/\/eldiariodesanpedro.com.ar\/sitio\/wp-json\/wp\/v2\/media\/63712"}],"wp:attachment":[{"href":"https:\/\/eldiariodesanpedro.com.ar\/sitio\/wp-json\/wp\/v2\/media?parent=63711"}],"wp:term":[{"taxonomy":"category","embeddable":true,"href":"https:\/\/eldiariodesanpedro.com.ar\/sitio\/wp-json\/wp\/v2\/categories?post=63711"},{"taxonomy":"post_tag","embeddable":true,"href":"https:\/\/eldiariodesanpedro.com.ar\/sitio\/wp-json\/wp\/v2\/tags?post=63711"}],"curies":[{"name":"wp","href":"https:\/\/api.w.org\/{rel}","templated":true}]}}