{"id":63708,"date":"2019-11-08T10:27:50","date_gmt":"2019-11-08T13:27:50","guid":{"rendered":"https:\/\/eldiariodesanpedro.com.ar\/sitio\/?p=63708"},"modified":"2019-11-08T10:27:54","modified_gmt":"2019-11-08T13:27:54","slug":"zarate-multaron-a-un-camion-de-caudales-por-estacionar-mal-en-el-centro-de-zarate","status":"publish","type":"post","link":"https:\/\/eldiariodesanpedro.com.ar\/sitio\/zarate-multaron-a-un-camion-de-caudales-por-estacionar-mal-en-el-centro-de-zarate\/","title":{"rendered":"Z\u00c1RATE | Multaron a un cami\u00f3n de caudales por estacionar mal en el centro de Z\u00e1rate"},"content":{"rendered":"<!-- VideographyWP Plugin Message: Automatic video embedding prevented by plugin options. -->\n\n<p>\n\nPoco antes de las once de la ma\u00f1ana, agentes de tr\u00e1nsito que recorr\u00edan la zona c\u00e9ntrica de la ciudad observaron a un cami\u00f3n de caudales estacionar indebidamente frente al Banco Provincia de Justa Lima e Independencia.<\/p>\n\n\n\n<p>Ya advertidos de la situaci\u00f3n, el personal de Maco lo coloc\u00f3 correctamente en la d\u00e1rsena ubicada sobre calle Independencia, pero al solicitarles la documentaci\u00f3n obligatoria para circular no quisieron presentarla.<\/p>\n\n\n\n<p>El conductor, luego de cuarenta y cinco minutos de llamadas y consultas, finalmente descendi\u00f3 y mostr\u00f3 a la Polic\u00eda Local lo que le requer\u00edan; de todos modos, y antes de que se retiraran, le hicieron entrega de la multa.<\/p>\n\n\n\n<p>Fuente: Enlace Critico<\/p>\n","protected":false},"excerpt":{"rendered":"<p>Poco antes de las once de la ma\u00f1ana, agentes de tr\u00e1nsito que recorr\u00edan la zona c\u00e9ntrica de la ciudad observaron a un cami\u00f3n de caudales estacionar indebidamente frente al Banco Provincia de Justa Lima e Independencia. Ya advertidos de la situaci\u00f3n, el personal de Maco lo coloc\u00f3 correctamente en la d\u00e1rsena ubicada sobre calle Independencia, [&hellip;]<\/p>\n","protected":false},"author":4,"featured_media":63709,"comment_status":"open","ping_status":"closed","sticky":false,"template":"","format":"standard","meta":{"om_disable_all_campaigns":false,"_jetpack_memberships_contains_paid_content":false,"footnotes":""},"categories":[621],"tags":[],"class_list":["post-63708","post","type-post","status-publish","format-standard","has-post-thumbnail","hentry","category-regionales"],"aioseo_notices":[],"gutentor_comment":0,"jetpack_featured_media_url":"https:\/\/eldiariodesanpedro.com.ar\/sitio\/wp-content\/uploads\/2019\/11\/multa.jpg","jetpack_shortlink":"https:\/\/wp.me\/p6RhLt-gzy","jetpack_sharing_enabled":true,"_links":{"self":[{"href":"https:\/\/eldiariodesanpedro.com.ar\/sitio\/wp-json\/wp\/v2\/posts\/63708","targetHints":{"allow":["GET"]}}],"collection":[{"href":"https:\/\/eldiariodesanpedro.com.ar\/sitio\/wp-json\/wp\/v2\/posts"}],"about":[{"href":"https:\/\/eldiariodesanpedro.com.ar\/sitio\/wp-json\/wp\/v2\/types\/post"}],"author":[{"embeddable":true,"href":"https:\/\/eldiariodesanpedro.com.ar\/sitio\/wp-json\/wp\/v2\/users\/4"}],"replies":[{"embeddable":true,"href":"https:\/\/eldiariodesanpedro.com.ar\/sitio\/wp-json\/wp\/v2\/comments?post=63708"}],"version-history":[{"count":1,"href":"https:\/\/eldiariodesanpedro.com.ar\/sitio\/wp-json\/wp\/v2\/posts\/63708\/revisions"}],"predecessor-version":[{"id":63710,"href":"https:\/\/eldiariodesanpedro.com.ar\/sitio\/wp-json\/wp\/v2\/posts\/63708\/revisions\/63710"}],"wp:featuredmedia":[{"embeddable":true,"href":"https:\/\/eldiariodesanpedro.com.ar\/sitio\/wp-json\/wp\/v2\/media\/63709"}],"wp:attachment":[{"href":"https:\/\/eldiariodesanpedro.com.ar\/sitio\/wp-json\/wp\/v2\/media?parent=63708"}],"wp:term":[{"taxonomy":"category","embeddable":true,"href":"https:\/\/eldiariodesanpedro.com.ar\/sitio\/wp-json\/wp\/v2\/categories?post=63708"},{"taxonomy":"post_tag","embeddable":true,"href":"https:\/\/eldiariodesanpedro.com.ar\/sitio\/wp-json\/wp\/v2\/tags?post=63708"}],"curies":[{"name":"wp","href":"https:\/\/api.w.org\/{rel}","templated":true}]}}