{"id":63705,"date":"2019-11-08T10:24:33","date_gmt":"2019-11-08T13:24:33","guid":{"rendered":"https:\/\/eldiariodesanpedro.com.ar\/sitio\/?p=63705"},"modified":"2019-11-08T10:25:26","modified_gmt":"2019-11-08T13:25:26","slug":"san-nicolas-conmocion-hallaron-sin-vida-a-daiana-almeida","status":"publish","type":"post","link":"https:\/\/eldiariodesanpedro.com.ar\/sitio\/san-nicolas-conmocion-hallaron-sin-vida-a-daiana-almeida\/","title":{"rendered":"SAN NICOL\u00c1S | Conmoci\u00f3n: Hallaron sin vida a Daiana Almeida"},"content":{"rendered":"<!-- VideographyWP Plugin Message: Automatic video embedding prevented by plugin options. -->\n\n<p>\n\nTras la desesperada b\u00fasqueda de Daiana Almeida, pasadas las 20 de este jueves fue encontrada en el camino al ENTRE, la moto Zanella en la que circulaba cuando desapareci\u00f3. R\u00e1pidamente se dirigieron al lugar el Fiscal Ariel Tempo y los Jefes Policiales.<\/p>\n\n\n\n<p>Minutos despu\u00e9s se confirm\u00f3 que el cuerpo sin vida de Daiana fue hallado en la zona del Molino Santa Clara. La joven mujer presentaba un corte en el cuello. Tenia a su lado sus pertenencias y dentro de la cartera $11.000<\/p>\n\n\n\n<p>Hasta el momento no se encontr\u00f3 su tel\u00e9fono celular.<\/p>\n\n\n\n<p>Gran conmoci\u00f3n gener\u00f3 el hallazgo ya que los familiares llegaron al lugar y se encontraron con la imagen del horror.<\/p>\n\n\n\n<p>En la ma\u00f1ana de viernes se realizar\u00e1 la autopsia y se podr\u00e1 tener m\u00e1s informaci\u00f3n sobre los \u00faltimos minutos de la joven enfermera. <\/p>\n\n\n\n<p>Fuente: Diario El Informante<\/p>\n","protected":false},"excerpt":{"rendered":"<p>Tras la desesperada b\u00fasqueda de Daiana Almeida, pasadas las 20 de este jueves fue encontrada en el camino al ENTRE, la moto Zanella en la que circulaba cuando desapareci\u00f3. R\u00e1pidamente se dirigieron al lugar el Fiscal Ariel Tempo y los Jefes Policiales. Minutos despu\u00e9s se confirm\u00f3 que el cuerpo sin vida de Daiana fue hallado [&hellip;]<\/p>\n","protected":false},"author":4,"featured_media":63706,"comment_status":"open","ping_status":"closed","sticky":false,"template":"","format":"standard","meta":{"om_disable_all_campaigns":false,"_jetpack_memberships_contains_paid_content":false,"footnotes":""},"categories":[50,621],"tags":[],"class_list":["post-63705","post","type-post","status-publish","format-standard","has-post-thumbnail","hentry","category-destacadas","category-regionales"],"aioseo_notices":[],"gutentor_comment":0,"jetpack_featured_media_url":"https:\/\/eldiariodesanpedro.com.ar\/sitio\/wp-content\/uploads\/2019\/11\/conmarca23107.jpg","jetpack_shortlink":"https:\/\/wp.me\/p6RhLt-gzv","jetpack_sharing_enabled":true,"_links":{"self":[{"href":"https:\/\/eldiariodesanpedro.com.ar\/sitio\/wp-json\/wp\/v2\/posts\/63705","targetHints":{"allow":["GET"]}}],"collection":[{"href":"https:\/\/eldiariodesanpedro.com.ar\/sitio\/wp-json\/wp\/v2\/posts"}],"about":[{"href":"https:\/\/eldiariodesanpedro.com.ar\/sitio\/wp-json\/wp\/v2\/types\/post"}],"author":[{"embeddable":true,"href":"https:\/\/eldiariodesanpedro.com.ar\/sitio\/wp-json\/wp\/v2\/users\/4"}],"replies":[{"embeddable":true,"href":"https:\/\/eldiariodesanpedro.com.ar\/sitio\/wp-json\/wp\/v2\/comments?post=63705"}],"version-history":[{"count":1,"href":"https:\/\/eldiariodesanpedro.com.ar\/sitio\/wp-json\/wp\/v2\/posts\/63705\/revisions"}],"predecessor-version":[{"id":63707,"href":"https:\/\/eldiariodesanpedro.com.ar\/sitio\/wp-json\/wp\/v2\/posts\/63705\/revisions\/63707"}],"wp:featuredmedia":[{"embeddable":true,"href":"https:\/\/eldiariodesanpedro.com.ar\/sitio\/wp-json\/wp\/v2\/media\/63706"}],"wp:attachment":[{"href":"https:\/\/eldiariodesanpedro.com.ar\/sitio\/wp-json\/wp\/v2\/media?parent=63705"}],"wp:term":[{"taxonomy":"category","embeddable":true,"href":"https:\/\/eldiariodesanpedro.com.ar\/sitio\/wp-json\/wp\/v2\/categories?post=63705"},{"taxonomy":"post_tag","embeddable":true,"href":"https:\/\/eldiariodesanpedro.com.ar\/sitio\/wp-json\/wp\/v2\/tags?post=63705"}],"curies":[{"name":"wp","href":"https:\/\/api.w.org\/{rel}","templated":true}]}}