{"id":63702,"date":"2019-11-08T10:22:02","date_gmt":"2019-11-08T13:22:02","guid":{"rendered":"https:\/\/eldiariodesanpedro.com.ar\/sitio\/?p=63702"},"modified":"2019-11-08T10:22:06","modified_gmt":"2019-11-08T13:22:06","slug":"zarate-intentaron-ingresar-al-mercado-un-cargamento-de-droga-encubierto-en-tabaco-valuado-en-mas-de-30-millones-de-pesos","status":"publish","type":"post","link":"https:\/\/eldiariodesanpedro.com.ar\/sitio\/zarate-intentaron-ingresar-al-mercado-un-cargamento-de-droga-encubierto-en-tabaco-valuado-en-mas-de-30-millones-de-pesos\/","title":{"rendered":"Z\u00c1RATE | Intentaron ingresar al mercado un cargamento de droga encubierto en tabaco valuado en m\u00e1s de 30 millones de pesos"},"content":{"rendered":"<!-- VideographyWP Plugin Message: Automatic video embedding prevented by plugin options. -->\n\n<p><strong>Junto a personal de Aduana, Polic\u00eda de la Ciudad confisc\u00f3, en la localidad de Z\u00e1rate, un millonario cargamento. El cami\u00f3n que transportaba el tabaco presentaba documentaci\u00f3n ap\u00f3crifa y precintos originales, robados a la AFIP.<\/strong><\/p>\n\n\n\n<hr class=\"wp-block-separator\"\/>\n\n\n\n<p>La Polic\u00eda de la Ciudad desarticul\u00f3, junto a personal de la Direcci\u00f3n General de Aduanas, una maniobra de contrabando con la que se intentaba ingresar de manera ilegal al mercado un cargamento de tabaco valuado en m\u00e1s de 30 millones de pesos.<\/p>\n\n\n\n<p>A ra\u00edz de una denuncia telef\u00f3nica recibida de forma an\u00f3nima, en la que se informaba que un cami\u00f3n con estupefacientes ingresar\u00eda desde Brasil al pa\u00eds camuflando las drogas bajo un cargamento de tabacos, fue que se dio intervenci\u00f3n al Juzgado Criminal en lo Correccional Federal N\u00b0 4 a cargo del Dr. Ariel Lijo, que orden\u00f3 a la divisi\u00f3n Precursores Qu\u00edmicos de la Polic\u00eda de la Ciudad un servicio de vigilancia en la provincias de Corrientes, Entre R\u00edos y Buenos Aires.<\/p>\n\n\n\n<p>Dichas tareas arrojaron resultado positivo, cuando al pasar por el peaje de Z\u00e1rate se logr\u00f3 divisar al cami\u00f3n con el cargamento en cuesti\u00f3n. De esta manera se procedi\u00f3 a interceptar al rodado, haci\u00e9ndolo detener en una estaci\u00f3n de servicio ubicada en la ruta 193, para evitar aglomeraciones de tr\u00e1nsito mientras era inspeccionado.<\/p>\n\n\n\n<p>Realizadas las primeras pericias oculares sobre el transporte, se constat\u00f3 que en el mismo se hallaban cajas conteniendo tabaco, pero que hab\u00edan sido ingresadas al pa\u00eds a trav\u00e9s de la ciudad misionera de \u201cEl Soberbio\u201d, con documentaci\u00f3n ap\u00f3crifa y precintos originales de AFIP robados y que no correspond\u00edan a la agencia de control de esa ciudad; el valor de mercado del cargamento ilegal fue valuado en 30 millones de pesos.<\/p>\n\n\n\n<p>Asimismo, ingresados los datos del chofer al sistema policial, el operador inform\u00f3 que el conductor registraba antecedentes por \u201cInfracci\u00f3n a la Ley 23737\u201d; en el a\u00f1o 2016 hab\u00eda sido detenido transportando un cargamento de 6 mil kilos de marihuana.<\/p>\n\n\n\n<p>De esta manera se procedi\u00f3 a informar de las novedades al juzgado interventor, que procedi\u00f3 al secuestro del cami\u00f3n, la totalidad de la mercader\u00eda y la documentaci\u00f3n ap\u00f3crifa encontrada declarada de inter\u00e9s para la causa. Adem\u00e1s se dispuso la colaboraci\u00f3n de la divisi\u00f3n Canes de la Polic\u00eda de la Ciudad, que a trav\u00e9s de perros detectores de drogas revisaron la mercader\u00eda, complement\u00e1ndose las tareas con el uso del scanner de la Polic\u00eda de Seguridad Aeroportuaria (PSA).<\/p>\n\n\n\n<p>Fuente: Impacto Local<\/p>\n","protected":false},"excerpt":{"rendered":"<p>Junto a personal de Aduana, Polic\u00eda de la Ciudad confisc\u00f3, en la localidad de Z\u00e1rate, un millonario cargamento. El cami\u00f3n que transportaba el tabaco presentaba documentaci\u00f3n ap\u00f3crifa y precintos originales, robados a la AFIP. La Polic\u00eda de la Ciudad desarticul\u00f3, junto a personal de la Direcci\u00f3n General de Aduanas, una maniobra de contrabando con la [&hellip;]<\/p>\n","protected":false},"author":4,"featured_media":63703,"comment_status":"open","ping_status":"closed","sticky":false,"template":"","format":"standard","meta":{"om_disable_all_campaigns":false,"_jetpack_memberships_contains_paid_content":false,"footnotes":""},"categories":[621],"tags":[],"class_list":["post-63702","post","type-post","status-publish","format-standard","has-post-thumbnail","hentry","category-regionales"],"aioseo_notices":[],"gutentor_comment":0,"jetpack_featured_media_url":"https:\/\/eldiariodesanpedro.com.ar\/sitio\/wp-content\/uploads\/2019\/11\/Durante-el-operativo-tambi\u00e9n-particip\u00f3-personal-policial-696x522.jpg","jetpack_shortlink":"https:\/\/wp.me\/p6RhLt-gzs","jetpack_sharing_enabled":true,"_links":{"self":[{"href":"https:\/\/eldiariodesanpedro.com.ar\/sitio\/wp-json\/wp\/v2\/posts\/63702","targetHints":{"allow":["GET"]}}],"collection":[{"href":"https:\/\/eldiariodesanpedro.com.ar\/sitio\/wp-json\/wp\/v2\/posts"}],"about":[{"href":"https:\/\/eldiariodesanpedro.com.ar\/sitio\/wp-json\/wp\/v2\/types\/post"}],"author":[{"embeddable":true,"href":"https:\/\/eldiariodesanpedro.com.ar\/sitio\/wp-json\/wp\/v2\/users\/4"}],"replies":[{"embeddable":true,"href":"https:\/\/eldiariodesanpedro.com.ar\/sitio\/wp-json\/wp\/v2\/comments?post=63702"}],"version-history":[{"count":1,"href":"https:\/\/eldiariodesanpedro.com.ar\/sitio\/wp-json\/wp\/v2\/posts\/63702\/revisions"}],"predecessor-version":[{"id":63704,"href":"https:\/\/eldiariodesanpedro.com.ar\/sitio\/wp-json\/wp\/v2\/posts\/63702\/revisions\/63704"}],"wp:featuredmedia":[{"embeddable":true,"href":"https:\/\/eldiariodesanpedro.com.ar\/sitio\/wp-json\/wp\/v2\/media\/63703"}],"wp:attachment":[{"href":"https:\/\/eldiariodesanpedro.com.ar\/sitio\/wp-json\/wp\/v2\/media?parent=63702"}],"wp:term":[{"taxonomy":"category","embeddable":true,"href":"https:\/\/eldiariodesanpedro.com.ar\/sitio\/wp-json\/wp\/v2\/categories?post=63702"},{"taxonomy":"post_tag","embeddable":true,"href":"https:\/\/eldiariodesanpedro.com.ar\/sitio\/wp-json\/wp\/v2\/tags?post=63702"}],"curies":[{"name":"wp","href":"https:\/\/api.w.org\/{rel}","templated":true}]}}