{"id":6370,"date":"2016-07-26T17:53:37","date_gmt":"2016-07-26T20:53:37","guid":{"rendered":"https:\/\/eldiariodesanpedro.com.ar\/sitio\/?p=6370"},"modified":"2026-01-24T00:33:00","modified_gmt":"2026-01-24T03:33:00","slug":"comenzaremos-a-trabajar-a-la-brevedad","status":"publish","type":"post","link":"https:\/\/eldiariodesanpedro.com.ar\/sitio\/comenzaremos-a-trabajar-a-la-brevedad\/","title":{"rendered":"\u201cComenzaremos a trabajar a la brevedad\u201d"},"content":{"rendered":"<p><!-- VideographyWP Plugin Message: Automatic video embedding prevented by plugin options. --><br \/>\nEl Intendente Municipal de San Pedro, Cecilio Salazar anunci\u00f3 por FM G\u00e9nesis que est\u00e1 en carpeta ponerse a trabajar en el Estadio Municipal a corto plazo, es una obra deseada por esta gesti\u00f3n, siendo el primer paso la pared en la parte alta de la tribuna que da espaldas a calle Mitre y la iluminaci\u00f3n, pero tambi\u00e9n a trav\u00e9s de gestiones realizadas ante los Directivos de Toyota en el pa\u00eds, es probable que se repare el piso del Gimnasio Municipal. Agreg\u00f3 Salazar que el techo de la tribuna de calle Belgrano tambi\u00e9n es una obra necesaria, que requiere de un costo que hoy no cuenta el municipio, pero se tratar\u00e1 de consultar a profesionales. Finalmente dijo que el lugar debe ser dejado en condiciones porque all\u00ed tambi\u00e9n se pueden realizar grandes eventos sociales, donde se pueden reflotar los festivales. <\/p>\n","protected":false},"excerpt":{"rendered":"<p>El Intendente Municipal de San Pedro, Cecilio Salazar anunci\u00f3 por FM G\u00e9nesis que est\u00e1 en carpeta ponerse a trabajar en el Estadio Municipal a corto plazo, es una obra deseada por esta gesti\u00f3n, siendo el primer paso la pared en la parte alta de la tribuna que da espaldas a calle Mitre y la iluminaci\u00f3n, [&hellip;]<\/p>\n","protected":false},"author":4,"featured_media":6357,"comment_status":"open","ping_status":"closed","sticky":false,"template":"","format":"standard","meta":{"om_disable_all_campaigns":false,"_jetpack_memberships_contains_paid_content":false,"footnotes":""},"categories":[5],"tags":[],"class_list":["post-6370","post","type-post","status-publish","format-standard","has-post-thumbnail","hentry","category-deportes"],"aioseo_notices":[],"gutentor_comment":0,"jetpack_featured_media_url":"https:\/\/eldiariodesanpedro.com.ar\/sitio\/wp-content\/uploads\/2016\/07\/salazar.jpg","jetpack_shortlink":"https:\/\/wp.me\/p6RhLt-1EK","jetpack_sharing_enabled":true,"_links":{"self":[{"href":"https:\/\/eldiariodesanpedro.com.ar\/sitio\/wp-json\/wp\/v2\/posts\/6370","targetHints":{"allow":["GET"]}}],"collection":[{"href":"https:\/\/eldiariodesanpedro.com.ar\/sitio\/wp-json\/wp\/v2\/posts"}],"about":[{"href":"https:\/\/eldiariodesanpedro.com.ar\/sitio\/wp-json\/wp\/v2\/types\/post"}],"author":[{"embeddable":true,"href":"https:\/\/eldiariodesanpedro.com.ar\/sitio\/wp-json\/wp\/v2\/users\/4"}],"replies":[{"embeddable":true,"href":"https:\/\/eldiariodesanpedro.com.ar\/sitio\/wp-json\/wp\/v2\/comments?post=6370"}],"version-history":[{"count":1,"href":"https:\/\/eldiariodesanpedro.com.ar\/sitio\/wp-json\/wp\/v2\/posts\/6370\/revisions"}],"predecessor-version":[{"id":6371,"href":"https:\/\/eldiariodesanpedro.com.ar\/sitio\/wp-json\/wp\/v2\/posts\/6370\/revisions\/6371"}],"wp:featuredmedia":[{"embeddable":true,"href":"https:\/\/eldiariodesanpedro.com.ar\/sitio\/wp-json\/wp\/v2\/media\/6357"}],"wp:attachment":[{"href":"https:\/\/eldiariodesanpedro.com.ar\/sitio\/wp-json\/wp\/v2\/media?parent=6370"}],"wp:term":[{"taxonomy":"category","embeddable":true,"href":"https:\/\/eldiariodesanpedro.com.ar\/sitio\/wp-json\/wp\/v2\/categories?post=6370"},{"taxonomy":"post_tag","embeddable":true,"href":"https:\/\/eldiariodesanpedro.com.ar\/sitio\/wp-json\/wp\/v2\/tags?post=6370"}],"curies":[{"name":"wp","href":"https:\/\/api.w.org\/{rel}","templated":true}]}}