{"id":63698,"date":"2019-11-08T10:14:39","date_gmt":"2019-11-08T13:14:39","guid":{"rendered":"https:\/\/eldiariodesanpedro.com.ar\/sitio\/?p=63698"},"modified":"2019-11-08T10:17:46","modified_gmt":"2019-11-08T13:17:46","slug":"campana-impactante-vuelco-de-un-falcon-en-ruta-9","status":"publish","type":"post","link":"https:\/\/eldiariodesanpedro.com.ar\/sitio\/campana-impactante-vuelco-de-un-falcon-en-ruta-9\/","title":{"rendered":"CAMPANA | Impactante vuelco de un Falcon en Ruta 9"},"content":{"rendered":"<!-- VideographyWP Plugin Message: Automatic video embedding prevented by plugin options. -->\n\n<p> El accidente ocurri\u00f3 en horas de la ma\u00f1ana, a la altura del kil\u00f3metro 59 sentido a CABA. El siniestro involucr\u00f3 adem\u00e1s a una moto. Ambos conductores salieron ilesos.<\/p>\n\n\n\n<p>\n\nMinutos despu\u00e9s de las 9 de la ma\u00f1ana de ayer, un autom\u00f3vil volc\u00f3 a la altura del km 59 de la Panamericana, mano a Capital.<\/p>\n\n\n\n<p>Por motivos que se desconocen, un Ford Falcon pierde el control y termina volcando. En la acci\u00f3n, se vio involucrada una motocicleta Honda Twister 250 cc.<\/p>\n\n\n\n<p>Tanto el conductor de \u00e9ste veh\u00edculo, Jos\u00e9 Ram\u00edrez Guzman, como el automovilista, Alfredo Kraxberger, resultaron ilesos.<\/p>\n\n\n\n<p>El tr\u00e1nsito se vio afectado, e intervinieron un m\u00f3vil del Same, la unidad 43 de bomberos y personal de la concesionaria vial. <\/p>\n\n\n\n<p>Fuente: Campana Noticias<\/p>\n","protected":false},"excerpt":{"rendered":"<p>El accidente ocurri\u00f3 en horas de la ma\u00f1ana, a la altura del kil\u00f3metro 59 sentido a CABA. El siniestro involucr\u00f3 adem\u00e1s a una moto. Ambos conductores salieron ilesos. Minutos despu\u00e9s de las 9 de la ma\u00f1ana de ayer, un autom\u00f3vil volc\u00f3 a la altura del km 59 de la Panamericana, mano a Capital. Por motivos [&hellip;]<\/p>\n","protected":false},"author":4,"featured_media":63701,"comment_status":"open","ping_status":"closed","sticky":false,"template":"","format":"standard","meta":{"om_disable_all_campaigns":false,"_jetpack_memberships_contains_paid_content":false,"footnotes":""},"categories":[621],"tags":[],"class_list":["post-63698","post","type-post","status-publish","format-standard","has-post-thumbnail","hentry","category-regionales"],"aioseo_notices":[],"gutentor_comment":0,"jetpack_featured_media_url":"https:\/\/eldiariodesanpedro.com.ar\/sitio\/wp-content\/uploads\/2019\/11\/20191107072140.jpg","jetpack_shortlink":"https:\/\/wp.me\/p6RhLt-gzo","jetpack_sharing_enabled":true,"_links":{"self":[{"href":"https:\/\/eldiariodesanpedro.com.ar\/sitio\/wp-json\/wp\/v2\/posts\/63698","targetHints":{"allow":["GET"]}}],"collection":[{"href":"https:\/\/eldiariodesanpedro.com.ar\/sitio\/wp-json\/wp\/v2\/posts"}],"about":[{"href":"https:\/\/eldiariodesanpedro.com.ar\/sitio\/wp-json\/wp\/v2\/types\/post"}],"author":[{"embeddable":true,"href":"https:\/\/eldiariodesanpedro.com.ar\/sitio\/wp-json\/wp\/v2\/users\/4"}],"replies":[{"embeddable":true,"href":"https:\/\/eldiariodesanpedro.com.ar\/sitio\/wp-json\/wp\/v2\/comments?post=63698"}],"version-history":[{"count":1,"href":"https:\/\/eldiariodesanpedro.com.ar\/sitio\/wp-json\/wp\/v2\/posts\/63698\/revisions"}],"predecessor-version":[{"id":63699,"href":"https:\/\/eldiariodesanpedro.com.ar\/sitio\/wp-json\/wp\/v2\/posts\/63698\/revisions\/63699"}],"wp:featuredmedia":[{"embeddable":true,"href":"https:\/\/eldiariodesanpedro.com.ar\/sitio\/wp-json\/wp\/v2\/media\/63701"}],"wp:attachment":[{"href":"https:\/\/eldiariodesanpedro.com.ar\/sitio\/wp-json\/wp\/v2\/media?parent=63698"}],"wp:term":[{"taxonomy":"category","embeddable":true,"href":"https:\/\/eldiariodesanpedro.com.ar\/sitio\/wp-json\/wp\/v2\/categories?post=63698"},{"taxonomy":"post_tag","embeddable":true,"href":"https:\/\/eldiariodesanpedro.com.ar\/sitio\/wp-json\/wp\/v2\/tags?post=63698"}],"curies":[{"name":"wp","href":"https:\/\/api.w.org\/{rel}","templated":true}]}}