{"id":63694,"date":"2019-11-08T10:08:02","date_gmt":"2019-11-08T13:08:02","guid":{"rendered":"https:\/\/eldiariodesanpedro.com.ar\/sitio\/?p=63694"},"modified":"2019-11-08T10:08:06","modified_gmt":"2019-11-08T13:08:06","slug":"baradero-alumnos-estafados-por-la-empresa-de-turismo-wayla","status":"publish","type":"post","link":"https:\/\/eldiariodesanpedro.com.ar\/sitio\/baradero-alumnos-estafados-por-la-empresa-de-turismo-wayla\/","title":{"rendered":"BARADERO: Alumnos estafados por la empresa de turismo Wayla"},"content":{"rendered":"<!-- VideographyWP Plugin Message: Automatic video embedding prevented by plugin options. -->\n\n<p><strong><em>Viviana Gatti<\/em><\/strong>, una de las madres damnificadas por la estafa de la empresa Wayla Turismo, se acerc\u00f3 a los estudios de la radio para contarnos la triste noticia que se acaban de enterar hace unos d\u00edas, donde esta empresa le avis\u00f3 a un grupo de Whatsaap que no pod\u00edan realizar el viaje de egresados por quiebra. Seg\u00fan datos y contactos que ella tienen son m\u00e1s de 500 personas afectadas en todo el pa\u00eds, donde esta empresa a recaudado de 2 a 2,5 millones de d\u00f3lares.<\/p>\n\n\n\n<p><strong><em>\u00abTe comento desde el principio, le dijo Viviana a Marcelo Zich, quien conduce el programa QUE MA\u00d1ANA. Hace dos a\u00f1os y medio La empresa Wayla turismo, que ofrece viajes de egresados, nos coment\u00f3 de la posibilidad de lo que era una novedad viajar a Cuba, por un valor de $47000 y a Bariloche $45000, algunos decidieron por Bariloche, nosotros somos 11 mam\u00e1s donde nuestros hijos optaron por Cuba y comenzamos a pagar. Hace aproximadamente 4 o 5 meses terminamos de pagar $70000, por la variaci\u00f3n del d\u00f3lar.\u00bb<\/em><\/strong><\/p>\n\n\n\n<p><strong><em>\u00abCon aumento del dolar, deciden cambiar el destino a Fortaleza (Brasil), con las mismas condiciones All Inclusive y el mismo precio para el mes de Octubre, pero debido al derrame de petr\u00f3leo en Brasil se modific\u00f3 la fecha para Noviembre\u00bb<\/em><\/strong><\/p>\n\n\n\n<p><strong><em>\u00abEl d\u00eda Martes 4 de noviembre nos avisa el coordinador, que no van a viajar, que se hab\u00edan presentado ante la Secretar\u00eda de Turismo para anunciarles que no pod\u00edan prestar el servico por quiebra; nos damos cuenta que fu\u00e9 una estafa, porque adem\u00e1s los n\u00fameros de vuelo que nos hab\u00edan pasado eran inexistentes.\u00bb<\/em><\/strong><\/p>\n\n\n\n<p><strong><em>\u00abEl viaje estaba pactado para el 22 de noviembre y dejaron cerca de 500 chicos de egresados colgados. Ya teniendo todo pago.\u00bb<\/em><\/strong><\/p>\n\n\n\n<p><strong><em>\u00abAhora le quieren cambiar el destino a ultima hora a puntos de Argentina, que le ofrecieron a una escuela Mendoza, Bariloche, Jun\u00edn y Cambori\u00fa, solamente el traslado en micro.\u00bb<\/em><\/strong><\/p>\n\n\n\n<p><strong><em>\u00abUn siente como que sali\u00f3 del banco y le robaron $70000, pero la ilusi\u00f3n de los chicos que est\u00e1n esperando hace mas de dos a\u00f1os y medio, \u00bfc\u00f3mo lo repar\u00e1s?<\/em><\/strong><\/p>\n\n\n\n<p><strong><em>\u00abNosotros nos reunimos anoche y no aceptamos el viaje, nos pusimos de acuerdo que nos devuelvan el dinero, esto ya se habl\u00f3 en Cr\u00f3nica, Telefe denuncias y en otros medios, adem\u00e1s vamos a ir a defensa del consumidor en Baradero, y a Capital con un abogado porque esta zona pertenece al distrito de Buenos Aires\u00bb<\/em><\/strong><\/p>\n\n\n\n<p><strong><em>\u00abNo queremos enviar a nuestros hijos con alguien que no conocemos, mas all\u00e1 de lo sucedido nosotros ven\u00edamos hablando con el coordinador Mauro L\u00f3pez. Adem\u00e1s nos ofrecen desde la Secretar\u00eda de Turismo un viaje sin fecha para el a\u00f1o 2020\u00bb<\/em><\/strong><\/p>\n\n\n\n<p><strong><em>\u00abLo que queremos es que no haya mas estafa de esta manera, no solamente con nuestros hijos, sino por los que vienen; porque esta gente suspendi\u00f3 los viajes de los que ven\u00edan pagando para viajar en el a\u00f1o 2020 y 2021\u00bb<\/em><\/strong><\/p>\n\n\n\n<p><strong><em>\u00abYo quiero agregar a esta charla el nombre de esta empresa Wayla Turismo Pablo Ernesto Alfonso DNI 23865197, Agustina Raiful que es su esposa, socia DNI 23344072 ; tambi\u00e9n al coordinador Mauro L\u00f3pez de la empresa\u00bb<\/em><\/strong><\/p>\n\n\n\n<p>Fuente: Impacto Baradero<\/p>\n","protected":false},"excerpt":{"rendered":"<p>Viviana Gatti, una de las madres damnificadas por la estafa de la empresa Wayla Turismo, se acerc\u00f3 a los estudios de la radio para contarnos la triste noticia que se acaban de enterar hace unos d\u00edas, donde esta empresa le avis\u00f3 a un grupo de Whatsaap que no pod\u00edan realizar el viaje de egresados por [&hellip;]<\/p>\n","protected":false},"author":4,"featured_media":63696,"comment_status":"open","ping_status":"closed","sticky":false,"template":"","format":"standard","meta":{"om_disable_all_campaigns":false,"_jetpack_memberships_contains_paid_content":false,"footnotes":""},"categories":[621],"tags":[],"class_list":["post-63694","post","type-post","status-publish","format-standard","has-post-thumbnail","hentry","category-regionales"],"aioseo_notices":[],"gutentor_comment":0,"jetpack_featured_media_url":"https:\/\/eldiariodesanpedro.com.ar\/sitio\/wp-content\/uploads\/2019\/11\/06f7ec51-ab3b-4a4d-b1c7-7dca3d31d324.jpg","jetpack_shortlink":"https:\/\/wp.me\/p6RhLt-gzk","jetpack_sharing_enabled":true,"_links":{"self":[{"href":"https:\/\/eldiariodesanpedro.com.ar\/sitio\/wp-json\/wp\/v2\/posts\/63694","targetHints":{"allow":["GET"]}}],"collection":[{"href":"https:\/\/eldiariodesanpedro.com.ar\/sitio\/wp-json\/wp\/v2\/posts"}],"about":[{"href":"https:\/\/eldiariodesanpedro.com.ar\/sitio\/wp-json\/wp\/v2\/types\/post"}],"author":[{"embeddable":true,"href":"https:\/\/eldiariodesanpedro.com.ar\/sitio\/wp-json\/wp\/v2\/users\/4"}],"replies":[{"embeddable":true,"href":"https:\/\/eldiariodesanpedro.com.ar\/sitio\/wp-json\/wp\/v2\/comments?post=63694"}],"version-history":[{"count":1,"href":"https:\/\/eldiariodesanpedro.com.ar\/sitio\/wp-json\/wp\/v2\/posts\/63694\/revisions"}],"predecessor-version":[{"id":63697,"href":"https:\/\/eldiariodesanpedro.com.ar\/sitio\/wp-json\/wp\/v2\/posts\/63694\/revisions\/63697"}],"wp:featuredmedia":[{"embeddable":true,"href":"https:\/\/eldiariodesanpedro.com.ar\/sitio\/wp-json\/wp\/v2\/media\/63696"}],"wp:attachment":[{"href":"https:\/\/eldiariodesanpedro.com.ar\/sitio\/wp-json\/wp\/v2\/media?parent=63694"}],"wp:term":[{"taxonomy":"category","embeddable":true,"href":"https:\/\/eldiariodesanpedro.com.ar\/sitio\/wp-json\/wp\/v2\/categories?post=63694"},{"taxonomy":"post_tag","embeddable":true,"href":"https:\/\/eldiariodesanpedro.com.ar\/sitio\/wp-json\/wp\/v2\/tags?post=63694"}],"curies":[{"name":"wp","href":"https:\/\/api.w.org\/{rel}","templated":true}]}}