{"id":63675,"date":"2019-11-08T09:08:12","date_gmt":"2019-11-08T12:08:12","guid":{"rendered":"https:\/\/eldiariodesanpedro.com.ar\/sitio\/?p=63675"},"modified":"2019-11-08T09:08:17","modified_gmt":"2019-11-08T12:08:17","slug":"coopser-se-restablecio-el-servicio-a-todas-las-zonas-afectadas","status":"publish","type":"post","link":"https:\/\/eldiariodesanpedro.com.ar\/sitio\/coopser-se-restablecio-el-servicio-a-todas-las-zonas-afectadas\/","title":{"rendered":"Coopser: Se restableci\u00f3 el servicio a todas las zonas afectadas"},"content":{"rendered":"<!-- VideographyWP Plugin Message: Automatic video embedding prevented by plugin options. -->\n\n<p>Este jueves por la tarde un gran corte de energ\u00eda dejo a media ciudad sin luz. Se origin\u00f3 por la ca\u00edda de dos fases de media tensi\u00f3n y se tardo varias horas hasta lograr conectar nuevamente las manzanas afectadas.<\/p>\n\n\n\n<p>\u00abSe sinti\u00f3 como una bomba, fue una fuerte explosi\u00f3n, nos asustamos, quedaron cables al rojo vivo tirados en la calle!\u00bb, expresaban vecinos que fueron testigos de lo que pasaba y le comunicaban al personal de Coopser cuando llego a mediaciones de la calle Miguel Porta.<\/p>\n\n\n\n<p>El corte masivo se origin\u00f3 por la ca\u00edda de dos fases de media tensi\u00f3n sobre calle en menci\u00f3n y alrededores,\u00a0 que provocaron adem\u00e1s el corte de varias l\u00edneas de baja tensi\u00f3n.\u00a0<\/p>\n\n\n\n<p>El personal de la guardia inici\u00f3 un trabajo complejo para restablecer el suministro junto a las reparaciones necesarias.\u00a0<\/p>\n\n\n\n<p>La reconstrucci\u00f3n de las l\u00edneas de media y baja tensi\u00f3n demand\u00f3 varias horas hasta lograr conectar nuevamente las manzanas afectadas que termino alrededor de las 21 horas.<\/p>\n\n\n\n<p>En simult\u00e1neo con los trabajos se tomaron todos los registros necesarios para determinar la causa de este episodio.<\/p>\n\n\n\n<figure class=\"wp-block-image\"><img decoding=\"async\" width=\"1280\" height=\"720\" data-attachment-id=\"63676\" data-permalink=\"https:\/\/eldiariodesanpedro.com.ar\/sitio\/coopser-se-restablecio-el-servicio-a-todas-las-zonas-afectadas\/trabajos-miguel-porta-2\/\" data-orig-file=\"https:\/\/eldiariodesanpedro.com.ar\/sitio\/wp-content\/uploads\/2019\/11\/Trabajos-Miguel-Porta-2.jpeg\" data-orig-size=\"1280,720\" data-comments-opened=\"1\" data-image-meta=\"{&quot;aperture&quot;:&quot;0&quot;,&quot;credit&quot;:&quot;&quot;,&quot;camera&quot;:&quot;&quot;,&quot;caption&quot;:&quot;&quot;,&quot;created_timestamp&quot;:&quot;0&quot;,&quot;copyright&quot;:&quot;&quot;,&quot;focal_length&quot;:&quot;0&quot;,&quot;iso&quot;:&quot;0&quot;,&quot;shutter_speed&quot;:&quot;0&quot;,&quot;title&quot;:&quot;&quot;,&quot;orientation&quot;:&quot;0&quot;}\" data-image-title=\"Trabajos-Miguel-Porta-2\" data-image-description=\"\" data-image-caption=\"\" data-large-file=\"https:\/\/eldiariodesanpedro.com.ar\/sitio\/wp-content\/uploads\/2019\/11\/Trabajos-Miguel-Porta-2-1024x576.jpeg\" data-src=\"https:\/\/i2.wp.com\/eldiariodesanpedro.com.ar\/sitio\/wp-content\/uploads\/2019\/11\/Trabajos-Miguel-Porta-2.jpeg?fit=640%2C360\" alt=\"\" class=\"wp-image-63676 lazyload\" data-srcset=\"https:\/\/eldiariodesanpedro.com.ar\/sitio\/wp-content\/uploads\/2019\/11\/Trabajos-Miguel-Porta-2.jpeg 1280w, https:\/\/eldiariodesanpedro.com.ar\/sitio\/wp-content\/uploads\/2019\/11\/Trabajos-Miguel-Porta-2-300x169.jpeg 300w, https:\/\/eldiariodesanpedro.com.ar\/sitio\/wp-content\/uploads\/2019\/11\/Trabajos-Miguel-Porta-2-768x432.jpeg 768w, https:\/\/eldiariodesanpedro.com.ar\/sitio\/wp-content\/uploads\/2019\/11\/Trabajos-Miguel-Porta-2-1024x576.jpeg 1024w, https:\/\/eldiariodesanpedro.com.ar\/sitio\/wp-content\/uploads\/2019\/11\/Trabajos-Miguel-Porta-2-800x450.jpeg 800w\" data-sizes=\"(max-width: 1280px) 100vw, 1280px\" src=\"data:image\/svg+xml;base64,PHN2ZyB3aWR0aD0iMSIgaGVpZ2h0PSIxIiB4bWxucz0iaHR0cDovL3d3dy53My5vcmcvMjAwMC9zdmciPjwvc3ZnPg==\" style=\"--smush-placeholder-width: 1280px; --smush-placeholder-aspect-ratio: 1280\/720;\" \/><\/figure>\n\n\n\n<p><br><\/p>\n","protected":false},"excerpt":{"rendered":"<p>Este jueves por la tarde un gran corte de energ\u00eda dejo a media ciudad sin luz. Se origin\u00f3 por la ca\u00edda de dos fases de media tensi\u00f3n y se tardo varias horas hasta lograr conectar nuevamente las manzanas afectadas. \u00abSe sinti\u00f3 como una bomba, fue una fuerte explosi\u00f3n, nos asustamos, quedaron cables al rojo vivo [&hellip;]<\/p>\n","protected":false},"author":4,"featured_media":63677,"comment_status":"open","ping_status":"closed","sticky":false,"template":"","format":"standard","meta":{"om_disable_all_campaigns":false,"_jetpack_memberships_contains_paid_content":false,"footnotes":""},"categories":[101,2],"tags":[],"class_list":["post-63675","post","type-post","status-publish","format-standard","has-post-thumbnail","hentry","category-interes-general-locales","category-locales"],"aioseo_notices":[],"gutentor_comment":0,"jetpack_featured_media_url":"https:\/\/eldiariodesanpedro.com.ar\/sitio\/wp-content\/uploads\/2019\/11\/Trabajos-Miguel-Porta-1.jpeg","jetpack_shortlink":"https:\/\/wp.me\/p6RhLt-gz1","jetpack_sharing_enabled":true,"_links":{"self":[{"href":"https:\/\/eldiariodesanpedro.com.ar\/sitio\/wp-json\/wp\/v2\/posts\/63675","targetHints":{"allow":["GET"]}}],"collection":[{"href":"https:\/\/eldiariodesanpedro.com.ar\/sitio\/wp-json\/wp\/v2\/posts"}],"about":[{"href":"https:\/\/eldiariodesanpedro.com.ar\/sitio\/wp-json\/wp\/v2\/types\/post"}],"author":[{"embeddable":true,"href":"https:\/\/eldiariodesanpedro.com.ar\/sitio\/wp-json\/wp\/v2\/users\/4"}],"replies":[{"embeddable":true,"href":"https:\/\/eldiariodesanpedro.com.ar\/sitio\/wp-json\/wp\/v2\/comments?post=63675"}],"version-history":[{"count":1,"href":"https:\/\/eldiariodesanpedro.com.ar\/sitio\/wp-json\/wp\/v2\/posts\/63675\/revisions"}],"predecessor-version":[{"id":63678,"href":"https:\/\/eldiariodesanpedro.com.ar\/sitio\/wp-json\/wp\/v2\/posts\/63675\/revisions\/63678"}],"wp:featuredmedia":[{"embeddable":true,"href":"https:\/\/eldiariodesanpedro.com.ar\/sitio\/wp-json\/wp\/v2\/media\/63677"}],"wp:attachment":[{"href":"https:\/\/eldiariodesanpedro.com.ar\/sitio\/wp-json\/wp\/v2\/media?parent=63675"}],"wp:term":[{"taxonomy":"category","embeddable":true,"href":"https:\/\/eldiariodesanpedro.com.ar\/sitio\/wp-json\/wp\/v2\/categories?post=63675"},{"taxonomy":"post_tag","embeddable":true,"href":"https:\/\/eldiariodesanpedro.com.ar\/sitio\/wp-json\/wp\/v2\/tags?post=63675"}],"curies":[{"name":"wp","href":"https:\/\/api.w.org\/{rel}","templated":true}]}}