{"id":63666,"date":"2019-11-07T19:11:35","date_gmt":"2019-11-07T22:11:35","guid":{"rendered":"https:\/\/eldiariodesanpedro.com.ar\/sitio\/?p=63666"},"modified":"2019-11-08T10:40:10","modified_gmt":"2019-11-08T13:40:10","slug":"un-efectivo-del-gad-le-salvo-la-vida-a-una-nina","status":"publish","type":"post","link":"https:\/\/eldiariodesanpedro.com.ar\/sitio\/un-efectivo-del-gad-le-salvo-la-vida-a-una-nina\/","title":{"rendered":"Un efectivo del GAD le salvo la vida a una ni\u00f1a"},"content":{"rendered":"<!-- VideographyWP Plugin Message: Automatic video embedding prevented by plugin options. -->\n\n<p> El Teniente de Polic\u00eda Guillermo Javier Gilliard pertenece al Grupo de Apoyo Departamental San Nicolas GAD  quien presta servicio  en nuestra ciudad, le salv\u00f3 la vida a una ni\u00f1a de un a\u00f1o y medio cuando se encontraba en su lugar de residencia, un pueblo de la Provincia de Santa Fe de nombre \u00abSan Carlos\u00bb.  <\/p>\n\n\n\n<p> No dud\u00f3 ni un minuto en prestar ayuda a esta pareja que tra\u00eda en brazos a su hija en estado inconsciente. Cuando percibi\u00f3 la situaci\u00f3n abri\u00f3 las puertas de su casa y le realiz\u00f3 una maniobra denominada Hemlih, que sirve para expulsar objetos o elementos que obstruyen las v\u00edas respiratorias altas. <\/p>\n\n\n\n<p>Tambi\u00e9n le practic\u00f3 unos masajes en la zona pulmonar. En menos de dos minutos la ni\u00f1a expuls\u00f3 flema espesa, comenz\u00f3 a respirar con normalidad, abri\u00f3 los ojos y reconoci\u00f3 a su madre.<\/p>\n\n\n\n<p>M\u00e1s tarde arrib\u00f3 bomberos voluntarios al domicilio y traslad\u00f3 a la menor al hospital Pedro Such\u00f3n donde fue asistida por el personal.&nbsp;<\/p>\n\n\n\n<p>El polic\u00eda puso a disposici\u00f3n de la familia desinteresadamente su veh\u00edculo personal para el traslado y adem\u00e1s proporcion\u00f3 &nbsp;el acompa\u00f1amiento constante en esta angustiante situaci\u00f3n.&nbsp;<\/p>\n\n\n\n<p>La ni\u00f1a que se llama Luz, en estos momentos se encuentra internada en una cl\u00ednica en buen estado de salud, sonriente y con ganas de volver a su casa.&nbsp;<\/p>\n\n\n\n<p>Sus padres Paola Soto y Gonzalo Sar\u00fa est\u00e1n muy agradecidos a este vecino capacitado y que result\u00f3 sin duda alguna ser la gran luz en lo que podr\u00eda haber sido una noche oscura.&nbsp;<\/p>\n\n\n\n<figure class=\"wp-block-image\"><img decoding=\"async\" width=\"960\" height=\"720\" data-attachment-id=\"63667\" data-permalink=\"https:\/\/eldiariodesanpedro.com.ar\/sitio\/un-efectivo-del-gad-le-salvo-la-vida-a-una-nina\/69683974_1506552742819552_5358412107706531840_o\/\" data-orig-file=\"https:\/\/eldiariodesanpedro.com.ar\/sitio\/wp-content\/uploads\/2019\/11\/69683974_1506552742819552_5358412107706531840_o.jpg\" data-orig-size=\"960,720\" data-comments-opened=\"1\" data-image-meta=\"{&quot;aperture&quot;:&quot;0&quot;,&quot;credit&quot;:&quot;&quot;,&quot;camera&quot;:&quot;&quot;,&quot;caption&quot;:&quot;&quot;,&quot;created_timestamp&quot;:&quot;0&quot;,&quot;copyright&quot;:&quot;&quot;,&quot;focal_length&quot;:&quot;0&quot;,&quot;iso&quot;:&quot;0&quot;,&quot;shutter_speed&quot;:&quot;0&quot;,&quot;title&quot;:&quot;&quot;,&quot;orientation&quot;:&quot;0&quot;}\" data-image-title=\"69683974_1506552742819552_5358412107706531840_o\" data-image-description=\"\" data-image-caption=\"\" data-large-file=\"https:\/\/eldiariodesanpedro.com.ar\/sitio\/wp-content\/uploads\/2019\/11\/69683974_1506552742819552_5358412107706531840_o.jpg\" data-src=\"https:\/\/eldiariodesanpedro.com.ar\/sitio\/wp-content\/uploads\/2019\/11\/69683974_1506552742819552_5358412107706531840_o.jpg\" alt=\"\" class=\"wp-image-63667 lazyload\" data-srcset=\"https:\/\/eldiariodesanpedro.com.ar\/sitio\/wp-content\/uploads\/2019\/11\/69683974_1506552742819552_5358412107706531840_o.jpg 960w, https:\/\/eldiariodesanpedro.com.ar\/sitio\/wp-content\/uploads\/2019\/11\/69683974_1506552742819552_5358412107706531840_o-300x225.jpg 300w, https:\/\/eldiariodesanpedro.com.ar\/sitio\/wp-content\/uploads\/2019\/11\/69683974_1506552742819552_5358412107706531840_o-768x576.jpg 768w, https:\/\/eldiariodesanpedro.com.ar\/sitio\/wp-content\/uploads\/2019\/11\/69683974_1506552742819552_5358412107706531840_o-500x375.jpg 500w\" data-sizes=\"(max-width: 960px) 100vw, 960px\" src=\"data:image\/svg+xml;base64,PHN2ZyB3aWR0aD0iMSIgaGVpZ2h0PSIxIiB4bWxucz0iaHR0cDovL3d3dy53My5vcmcvMjAwMC9zdmciPjwvc3ZnPg==\" style=\"--smush-placeholder-width: 960px; --smush-placeholder-aspect-ratio: 960\/720;\" \/><\/figure>\n\n\n\n<p>El Teniente de la Polic\u00eda de la Provincia de Buenos Aires Guillermo Javier Gilliard tiene m\u00e1s de 22 a\u00f1os de servicio, trabaj\u00f3 en distintas superintendencias (derivaciones de la polic\u00eda), se capacit\u00f3 en t\u00e9cnicas de identificaci\u00f3n de problemas respiratorios y cardiovasculares. <\/p>\n\n\n\n<p>Actualmente trabaja en el Grupo de Apoyo Departamental perteneciente a las Fuerzas Operacionales Especiales y reside en San Carlos Centro hace 8 a\u00f1os.\u00a0<\/p>\n\n\n\n<p>Fuente: Diario EL Urbano (Santa Fe)<\/p>\n","protected":false},"excerpt":{"rendered":"<p>El Teniente de Polic\u00eda Guillermo Javier Gilliard pertenece al Grupo de Apoyo Departamental San Nicolas GAD quien presta servicio en nuestra ciudad, le salv\u00f3 la vida a una ni\u00f1a de un a\u00f1o y medio cuando se encontraba en su lugar de residencia, un pueblo de la Provincia de Santa Fe de nombre \u00abSan Carlos\u00bb. No [&hellip;]<\/p>\n","protected":false},"author":4,"featured_media":63668,"comment_status":"open","ping_status":"closed","sticky":false,"template":"","format":"standard","meta":{"om_disable_all_campaigns":false,"_jetpack_memberships_contains_paid_content":false,"footnotes":""},"categories":[101,2],"tags":[],"class_list":["post-63666","post","type-post","status-publish","format-standard","has-post-thumbnail","hentry","category-interes-general-locales","category-locales"],"aioseo_notices":[],"gutentor_comment":1,"jetpack_featured_media_url":"https:\/\/eldiariodesanpedro.com.ar\/sitio\/wp-content\/uploads\/2019\/11\/multimedia.normal.ae0a38b619800701.30373131323031392d706f6c696369615f6e6f726d616c2e6a7067.jpg","jetpack_shortlink":"https:\/\/wp.me\/p6RhLt-gyS","jetpack_sharing_enabled":true,"_links":{"self":[{"href":"https:\/\/eldiariodesanpedro.com.ar\/sitio\/wp-json\/wp\/v2\/posts\/63666","targetHints":{"allow":["GET"]}}],"collection":[{"href":"https:\/\/eldiariodesanpedro.com.ar\/sitio\/wp-json\/wp\/v2\/posts"}],"about":[{"href":"https:\/\/eldiariodesanpedro.com.ar\/sitio\/wp-json\/wp\/v2\/types\/post"}],"author":[{"embeddable":true,"href":"https:\/\/eldiariodesanpedro.com.ar\/sitio\/wp-json\/wp\/v2\/users\/4"}],"replies":[{"embeddable":true,"href":"https:\/\/eldiariodesanpedro.com.ar\/sitio\/wp-json\/wp\/v2\/comments?post=63666"}],"version-history":[{"count":2,"href":"https:\/\/eldiariodesanpedro.com.ar\/sitio\/wp-json\/wp\/v2\/posts\/63666\/revisions"}],"predecessor-version":[{"id":63715,"href":"https:\/\/eldiariodesanpedro.com.ar\/sitio\/wp-json\/wp\/v2\/posts\/63666\/revisions\/63715"}],"wp:featuredmedia":[{"embeddable":true,"href":"https:\/\/eldiariodesanpedro.com.ar\/sitio\/wp-json\/wp\/v2\/media\/63668"}],"wp:attachment":[{"href":"https:\/\/eldiariodesanpedro.com.ar\/sitio\/wp-json\/wp\/v2\/media?parent=63666"}],"wp:term":[{"taxonomy":"category","embeddable":true,"href":"https:\/\/eldiariodesanpedro.com.ar\/sitio\/wp-json\/wp\/v2\/categories?post=63666"},{"taxonomy":"post_tag","embeddable":true,"href":"https:\/\/eldiariodesanpedro.com.ar\/sitio\/wp-json\/wp\/v2\/tags?post=63666"}],"curies":[{"name":"wp","href":"https:\/\/api.w.org\/{rel}","templated":true}]}}