{"id":63662,"date":"2019-11-07T18:26:57","date_gmt":"2019-11-07T21:26:57","guid":{"rendered":"https:\/\/eldiariodesanpedro.com.ar\/sitio\/?p=63662"},"modified":"2019-11-07T18:27:01","modified_gmt":"2019-11-07T21:27:01","slug":"8-de-noviembre-asueto-por-el-dia-del-empleado-municipal","status":"publish","type":"post","link":"https:\/\/eldiariodesanpedro.com.ar\/sitio\/8-de-noviembre-asueto-por-el-dia-del-empleado-municipal\/","title":{"rendered":"8 de Noviembre: Asueto por el d\u00eda del empleado municipal"},"content":{"rendered":"<!-- VideographyWP Plugin Message: Automatic video embedding prevented by plugin options. -->\n\n<p> El viernes 8 de noviembre se conmemora el d\u00eda del empelado municipal, por tal motivo por lo tanto habr\u00e1 asueto administrativo. No habr\u00e1 recolecci\u00f3n de residuos a domicilios. Se solicita a los vecinos no sacar los residuos en los contenedores como en los canastos, para evitar inconvenientes.<\/p>\n\n\n\n<p>\n\nComo es habitual en nuestra ciudad para esta fecha se mantienen las guardias respectivas en cada uno de los servicios p\u00fablicos.\n\n<\/p>\n\n\n\n<p> La celebraci\u00f3n constituye un d\u00eda trascendente para los trabajadores, por lo que cabe reconocimiento para que puedan disfrutar en compa\u00f1\u00eda de sus compa\u00f1eros y familiares.<\/p>\n\n\n\n<p>El D\u00eda del Trabajador Municipal se celebra en conmemoraci\u00f3n del 8 de noviembre de 1959, cuando se constituy\u00f3 la Confederaci\u00f3n de Obreros y Empleados Municipales de la Rep\u00fablica Argentina (COEMA), la organizaci\u00f3n sindical que agrupa a todas las Federaciones de Trabajadores Municipales de las provincias. <\/p>\n\n\n\n<p> La COEMA naci\u00f3 en el seno de la revoluci\u00f3n sindical durante la presidencia de Arturo Frondizi y con las 62 organizaciones como base, teniendo como fin organizar y unificar a todas las federaciones, sindicatos y uniones municipales de la Argentina.  Esta fecha conlleva un merecido reconocimiento a todos los obreros y empleados que d\u00eda a d\u00eda contribuyen con su esfuerzo y dedicaci\u00f3n, al sostenimiento y crecimiento del municipio y de la mano de ello, al progreso de la ciudad. <\/p>\n","protected":false},"excerpt":{"rendered":"<p>El viernes 8 de noviembre se conmemora el d\u00eda del empelado municipal, por tal motivo por lo tanto habr\u00e1 asueto administrativo. No habr\u00e1 recolecci\u00f3n de residuos a domicilios. Se solicita a los vecinos no sacar los residuos en los contenedores como en los canastos, para evitar inconvenientes. Como es habitual en nuestra ciudad para esta [&hellip;]<\/p>\n","protected":false},"author":4,"featured_media":63663,"comment_status":"open","ping_status":"closed","sticky":false,"template":"","format":"standard","meta":{"om_disable_all_campaigns":false,"_jetpack_memberships_contains_paid_content":false,"footnotes":""},"categories":[101,2],"tags":[],"class_list":["post-63662","post","type-post","status-publish","format-standard","has-post-thumbnail","hentry","category-interes-general-locales","category-locales"],"aioseo_notices":[],"gutentor_comment":0,"jetpack_featured_media_url":"https:\/\/eldiariodesanpedro.com.ar\/sitio\/wp-content\/uploads\/2019\/11\/Municipalidad.jpg","jetpack_shortlink":"https:\/\/wp.me\/p6RhLt-gyO","jetpack_sharing_enabled":true,"_links":{"self":[{"href":"https:\/\/eldiariodesanpedro.com.ar\/sitio\/wp-json\/wp\/v2\/posts\/63662","targetHints":{"allow":["GET"]}}],"collection":[{"href":"https:\/\/eldiariodesanpedro.com.ar\/sitio\/wp-json\/wp\/v2\/posts"}],"about":[{"href":"https:\/\/eldiariodesanpedro.com.ar\/sitio\/wp-json\/wp\/v2\/types\/post"}],"author":[{"embeddable":true,"href":"https:\/\/eldiariodesanpedro.com.ar\/sitio\/wp-json\/wp\/v2\/users\/4"}],"replies":[{"embeddable":true,"href":"https:\/\/eldiariodesanpedro.com.ar\/sitio\/wp-json\/wp\/v2\/comments?post=63662"}],"version-history":[{"count":1,"href":"https:\/\/eldiariodesanpedro.com.ar\/sitio\/wp-json\/wp\/v2\/posts\/63662\/revisions"}],"predecessor-version":[{"id":63664,"href":"https:\/\/eldiariodesanpedro.com.ar\/sitio\/wp-json\/wp\/v2\/posts\/63662\/revisions\/63664"}],"wp:featuredmedia":[{"embeddable":true,"href":"https:\/\/eldiariodesanpedro.com.ar\/sitio\/wp-json\/wp\/v2\/media\/63663"}],"wp:attachment":[{"href":"https:\/\/eldiariodesanpedro.com.ar\/sitio\/wp-json\/wp\/v2\/media?parent=63662"}],"wp:term":[{"taxonomy":"category","embeddable":true,"href":"https:\/\/eldiariodesanpedro.com.ar\/sitio\/wp-json\/wp\/v2\/categories?post=63662"},{"taxonomy":"post_tag","embeddable":true,"href":"https:\/\/eldiariodesanpedro.com.ar\/sitio\/wp-json\/wp\/v2\/tags?post=63662"}],"curies":[{"name":"wp","href":"https:\/\/api.w.org\/{rel}","templated":true}]}}