{"id":63658,"date":"2019-11-07T18:05:08","date_gmt":"2019-11-07T21:05:08","guid":{"rendered":"https:\/\/eldiariodesanpedro.com.ar\/sitio\/?p=63658"},"modified":"2019-11-07T18:05:19","modified_gmt":"2019-11-07T21:05:19","slug":"jorge-pirotta-renuncio-a-la-presidencia-del-partido-fe-y-lo-sucedera-cecilio-salazar","status":"publish","type":"post","link":"https:\/\/eldiariodesanpedro.com.ar\/sitio\/jorge-pirotta-renuncio-a-la-presidencia-del-partido-fe-y-lo-sucedera-cecilio-salazar\/","title":{"rendered":"Jorge Pirotta renunci\u00f3 a la presidencia del Partido FE y lo suceder\u00e1 Cecilio Salazar"},"content":{"rendered":"<!-- VideographyWP Plugin Message: Automatic video embedding prevented by plugin options. -->\n\n<p>El mercedino&nbsp;<strong>Jorge Pirotta<\/strong>&nbsp;renunci\u00f3 a la presidencia del Partido FE de la provincia de Buenos Aires. Lo hizo tras asumir mayores responsabilidades en el \u00e1mbito de la comunicaci\u00f3n como director del peri\u00f3dico El Agrario.<\/p>\n\n\n\n<p>En una misiva dada a conocer a los compa\u00f1eros del partido, integrante del Frente Cambiemos, indic\u00f3: \u00abComo muchos de ustedes saben, recientemente he sido honrado por mi organizaci\u00f3n madre, la UATRE, poni\u00e9ndome al frente de la gesti\u00f3n de Comunicaci\u00f3n, asign\u00e1ndome, como prioridad,\u00a0<a rel=\"noreferrer noopener\" href=\"https:\/\/noticiasmercedinas.com\/site\/2019\/09\/09\/jorge-pirotta-coordina-periodico-del-sector-rural\/\" target=\"_blank\"><strong>la direcci\u00f3n del\u00a0<\/strong><\/a><strong>proyecto que hemos denominado EL AGRARIO<\/strong>, Diario Digital del Campo Argentino\u00bb.<\/p>\n\n\n\n<p>\u00abA lo largo de mi trayectoria en la UATRE he transitado por diversas responsabilidades, volviendo, luego de 23 a\u00f1os, nuevamente al \u00e1mbito de la comunicaci\u00f3n, materia que ha sido y es el puntal profesional de mi vida\u00bb, dijo Pirotta.<\/p>\n\n\n\n<p>\u00abNunca estuve aferrado a los cargos, s\u00ed a las convicciones (que mantengo orgullosamente s\u00f3lidas), y como creo que no se puede ser campe\u00f3n en el f\u00fatbol y en el b\u00e1squet al mismo tiempo, tambi\u00e9n pienso que debo dar un paso al costado en mi responsabilidad al frente de nuestro Partido FE de la Provincia de Buenos Aires si pretendo llevar exitosamente a buen puerto al importante proyecto que me encomend\u00f3 el Secretariado Nacional de la UATRE y FUNDATRE\u00bb, expres\u00f3 luego.<\/p>\n\n\n\n<p>Adem\u00e1s dej\u00f3 en claro que seguir\u00e1 trabajando, en todo lo que est\u00e9 a su alcance, \u00abpor las banderas de nuestro querido Partido FE\u00bb.<\/p>\n\n\n\n<p>Sobre su decisi\u00f3n de renunciar al cargo de Presidente, precis\u00f3: \u00abMe voy con la satisfacci\u00f3n del deber cumplido, ya que encontr\u00e9 una instituci\u00f3n al borde de su desaparici\u00f3n legal, para no abundar en m\u00e1s detalles que todos conocen, y la dejo en perfectas condiciones administrativas y legales, con dos compa\u00f1eros apoderados absolutamente comprometidos con su rol\u00bb.<\/p>\n\n\n\n<p>\n\n\u00abDebo informar, por \u00faltimo, mi enorme placer de saber que, a partir de mi decisi\u00f3n, se har\u00e1 cargo de la Presidencia del Partido FE de la Provincia de Buenos Aires nuestro querid\u00edsimo y respetado Intendente de San Pedro, compa\u00f1ero Cecilio Salazar, a quien le auguro el mayor de los \u00e9xitos, absolutamente convencido que llevar\u00e1 adelante una gran gesti\u00f3n, digna de su gran capacidad pol\u00edtica y de conducci\u00f3n\u00bb.\n\n<\/p>\n","protected":false},"excerpt":{"rendered":"<p>El mercedino&nbsp;Jorge Pirotta&nbsp;renunci\u00f3 a la presidencia del Partido FE de la provincia de Buenos Aires. Lo hizo tras asumir mayores responsabilidades en el \u00e1mbito de la comunicaci\u00f3n como director del peri\u00f3dico El Agrario. En una misiva dada a conocer a los compa\u00f1eros del partido, integrante del Frente Cambiemos, indic\u00f3: \u00abComo muchos de ustedes saben, recientemente [&hellip;]<\/p>\n","protected":false},"author":4,"featured_media":63660,"comment_status":"open","ping_status":"closed","sticky":false,"template":"","format":"standard","meta":{"om_disable_all_campaigns":false,"_jetpack_memberships_contains_paid_content":false,"footnotes":""},"categories":[50,101,2],"tags":[],"class_list":["post-63658","post","type-post","status-publish","format-standard","has-post-thumbnail","hentry","category-destacadas","category-interes-general-locales","category-locales"],"aioseo_notices":[],"gutentor_comment":0,"jetpack_featured_media_url":"https:\/\/eldiariodesanpedro.com.ar\/sitio\/wp-content\/uploads\/2019\/11\/maxresdefault.jpg","jetpack_shortlink":"https:\/\/wp.me\/p6RhLt-gyK","jetpack_sharing_enabled":true,"_links":{"self":[{"href":"https:\/\/eldiariodesanpedro.com.ar\/sitio\/wp-json\/wp\/v2\/posts\/63658","targetHints":{"allow":["GET"]}}],"collection":[{"href":"https:\/\/eldiariodesanpedro.com.ar\/sitio\/wp-json\/wp\/v2\/posts"}],"about":[{"href":"https:\/\/eldiariodesanpedro.com.ar\/sitio\/wp-json\/wp\/v2\/types\/post"}],"author":[{"embeddable":true,"href":"https:\/\/eldiariodesanpedro.com.ar\/sitio\/wp-json\/wp\/v2\/users\/4"}],"replies":[{"embeddable":true,"href":"https:\/\/eldiariodesanpedro.com.ar\/sitio\/wp-json\/wp\/v2\/comments?post=63658"}],"version-history":[{"count":1,"href":"https:\/\/eldiariodesanpedro.com.ar\/sitio\/wp-json\/wp\/v2\/posts\/63658\/revisions"}],"predecessor-version":[{"id":63661,"href":"https:\/\/eldiariodesanpedro.com.ar\/sitio\/wp-json\/wp\/v2\/posts\/63658\/revisions\/63661"}],"wp:featuredmedia":[{"embeddable":true,"href":"https:\/\/eldiariodesanpedro.com.ar\/sitio\/wp-json\/wp\/v2\/media\/63660"}],"wp:attachment":[{"href":"https:\/\/eldiariodesanpedro.com.ar\/sitio\/wp-json\/wp\/v2\/media?parent=63658"}],"wp:term":[{"taxonomy":"category","embeddable":true,"href":"https:\/\/eldiariodesanpedro.com.ar\/sitio\/wp-json\/wp\/v2\/categories?post=63658"},{"taxonomy":"post_tag","embeddable":true,"href":"https:\/\/eldiariodesanpedro.com.ar\/sitio\/wp-json\/wp\/v2\/tags?post=63658"}],"curies":[{"name":"wp","href":"https:\/\/api.w.org\/{rel}","templated":true}]}}