{"id":63654,"date":"2019-11-07T17:48:52","date_gmt":"2019-11-07T20:48:52","guid":{"rendered":"https:\/\/eldiariodesanpedro.com.ar\/sitio\/?p=63654"},"modified":"2019-11-07T17:48:56","modified_gmt":"2019-11-07T20:48:56","slug":"zarate-bomberos-voluntarios-tuvieron-que-entregar-dos-unidades-para-saldar-deudas","status":"publish","type":"post","link":"https:\/\/eldiariodesanpedro.com.ar\/sitio\/zarate-bomberos-voluntarios-tuvieron-que-entregar-dos-unidades-para-saldar-deudas\/","title":{"rendered":"Z\u00c1RATE | Bomberos Voluntarios tuvieron que entregar dos unidades para saldar deudas"},"content":{"rendered":"<!-- VideographyWP Plugin Message: Automatic video embedding prevented by plugin options. -->\n\n<p>\n\nCircul\u00f3 por las redes sociales y preocup\u00f3 a la Comunidad, Bomberos Voluntarios de Z\u00e1rate tuvo que entregar dos unidades para saldar deudas. El Jefe de Cuerpo Mariano Chaves, en di\u00e1logo exclusivo con Enlace Critico, explic\u00f3 la situaci\u00f3n&#8230;<\/p>\n\n\n\n<p>\u00abLamentablemente nos quedamos sin dos unidades, una era la unidad de rescate r\u00e1pido y la otra de siniestros forestales, no pudimos saldar la deuda con el importador porque el d\u00f3lar se fue por las nubes\u00bb, se\u00f1alaba el Comandante.<\/p>\n\n\n\n<p>\u00abEs lamentable haber tenido que tomar esta decisi\u00f3n a pesar que hace un mes, hicimos una protesta para que tanto la Municipalidad como las empresas del Partido nos escucharan y evidentemente no fue as\u00ed\u00bb, afirmaba.<\/p>\n\n\n\n<p>Fuente: Enlace Critico<\/p>\n","protected":false},"excerpt":{"rendered":"<p>Circul\u00f3 por las redes sociales y preocup\u00f3 a la Comunidad, Bomberos Voluntarios de Z\u00e1rate tuvo que entregar dos unidades para saldar deudas. El Jefe de Cuerpo Mariano Chaves, en di\u00e1logo exclusivo con Enlace Critico, explic\u00f3 la situaci\u00f3n&#8230; \u00abLamentablemente nos quedamos sin dos unidades, una era la unidad de rescate r\u00e1pido y la otra de siniestros [&hellip;]<\/p>\n","protected":false},"author":4,"featured_media":63655,"comment_status":"open","ping_status":"closed","sticky":false,"template":"","format":"standard","meta":{"om_disable_all_campaigns":false,"_jetpack_memberships_contains_paid_content":false,"footnotes":""},"categories":[621],"tags":[],"class_list":["post-63654","post","type-post","status-publish","format-standard","has-post-thumbnail","hentry","category-regionales"],"aioseo_notices":[],"gutentor_comment":0,"jetpack_featured_media_url":"https:\/\/eldiariodesanpedro.com.ar\/sitio\/wp-content\/uploads\/2019\/11\/74217889_520488828795723_2048326863318679552_n_658x400.jpg","jetpack_shortlink":"https:\/\/wp.me\/p6RhLt-gyG","jetpack_sharing_enabled":true,"_links":{"self":[{"href":"https:\/\/eldiariodesanpedro.com.ar\/sitio\/wp-json\/wp\/v2\/posts\/63654","targetHints":{"allow":["GET"]}}],"collection":[{"href":"https:\/\/eldiariodesanpedro.com.ar\/sitio\/wp-json\/wp\/v2\/posts"}],"about":[{"href":"https:\/\/eldiariodesanpedro.com.ar\/sitio\/wp-json\/wp\/v2\/types\/post"}],"author":[{"embeddable":true,"href":"https:\/\/eldiariodesanpedro.com.ar\/sitio\/wp-json\/wp\/v2\/users\/4"}],"replies":[{"embeddable":true,"href":"https:\/\/eldiariodesanpedro.com.ar\/sitio\/wp-json\/wp\/v2\/comments?post=63654"}],"version-history":[{"count":1,"href":"https:\/\/eldiariodesanpedro.com.ar\/sitio\/wp-json\/wp\/v2\/posts\/63654\/revisions"}],"predecessor-version":[{"id":63656,"href":"https:\/\/eldiariodesanpedro.com.ar\/sitio\/wp-json\/wp\/v2\/posts\/63654\/revisions\/63656"}],"wp:featuredmedia":[{"embeddable":true,"href":"https:\/\/eldiariodesanpedro.com.ar\/sitio\/wp-json\/wp\/v2\/media\/63655"}],"wp:attachment":[{"href":"https:\/\/eldiariodesanpedro.com.ar\/sitio\/wp-json\/wp\/v2\/media?parent=63654"}],"wp:term":[{"taxonomy":"category","embeddable":true,"href":"https:\/\/eldiariodesanpedro.com.ar\/sitio\/wp-json\/wp\/v2\/categories?post=63654"},{"taxonomy":"post_tag","embeddable":true,"href":"https:\/\/eldiariodesanpedro.com.ar\/sitio\/wp-json\/wp\/v2\/tags?post=63654"}],"curies":[{"name":"wp","href":"https:\/\/api.w.org\/{rel}","templated":true}]}}