{"id":63651,"date":"2019-11-07T17:47:37","date_gmt":"2019-11-07T20:47:37","guid":{"rendered":"https:\/\/eldiariodesanpedro.com.ar\/sitio\/?p=63651"},"modified":"2019-11-07T17:47:41","modified_gmt":"2019-11-07T20:47:41","slug":"baradero-dos-personas-heridas-por-dispararse-con-armas-de-fuego-tras-discusion","status":"publish","type":"post","link":"https:\/\/eldiariodesanpedro.com.ar\/sitio\/baradero-dos-personas-heridas-por-dispararse-con-armas-de-fuego-tras-discusion\/","title":{"rendered":"BARADERO | Dos personas heridas por dispararse con armas de fuego tras discusi\u00f3n"},"content":{"rendered":"<!-- VideographyWP Plugin Message: Automatic video embedding prevented by plugin options. -->\n\n<p>Este mi\u00e9rcoles por la tarde una discusi\u00f3n familiar y de vecinos termin\u00f3 con disparos de arma de fuego y dos heridos.<\/p>\n\n\n\n<p>En Jos\u00e9 M. Paz y Acevedo, se dio esta situaci\u00f3n, que comenz\u00f3 horas antes en otro lugar y culmin\u00f3 con sendos disparos de arma de fuego.<\/p>\n\n\n\n<p>Esto ocurri\u00f3 en el barrio de Cementerio con el resultado de dos hombres j\u00f3venes heridos, uno de ellos menor, ingresados el hospital.<\/p>\n\n\n\n<p>Ambos heridos en sus piernas, uno con orificio de entrada y salida y el otro con orificio de entrada quedando el proyectil alojado en el muslo.<\/p>\n","protected":false},"excerpt":{"rendered":"<p>Este mi\u00e9rcoles por la tarde una discusi\u00f3n familiar y de vecinos termin\u00f3 con disparos de arma de fuego y dos heridos. En Jos\u00e9 M. Paz y Acevedo, se dio esta situaci\u00f3n, que comenz\u00f3 horas antes en otro lugar y culmin\u00f3 con sendos disparos de arma de fuego. Esto ocurri\u00f3 en el barrio de Cementerio con [&hellip;]<\/p>\n","protected":false},"author":4,"featured_media":63652,"comment_status":"open","ping_status":"closed","sticky":false,"template":"","format":"standard","meta":{"om_disable_all_campaigns":false,"_jetpack_memberships_contains_paid_content":false,"footnotes":""},"categories":[621],"tags":[],"class_list":["post-63651","post","type-post","status-publish","format-standard","has-post-thumbnail","hentry","category-regionales"],"aioseo_notices":[],"gutentor_comment":0,"jetpack_featured_media_url":"https:\/\/eldiariodesanpedro.com.ar\/sitio\/wp-content\/uploads\/2019\/11\/tt.jpg","jetpack_shortlink":"https:\/\/wp.me\/p6RhLt-gyD","jetpack_sharing_enabled":true,"_links":{"self":[{"href":"https:\/\/eldiariodesanpedro.com.ar\/sitio\/wp-json\/wp\/v2\/posts\/63651","targetHints":{"allow":["GET"]}}],"collection":[{"href":"https:\/\/eldiariodesanpedro.com.ar\/sitio\/wp-json\/wp\/v2\/posts"}],"about":[{"href":"https:\/\/eldiariodesanpedro.com.ar\/sitio\/wp-json\/wp\/v2\/types\/post"}],"author":[{"embeddable":true,"href":"https:\/\/eldiariodesanpedro.com.ar\/sitio\/wp-json\/wp\/v2\/users\/4"}],"replies":[{"embeddable":true,"href":"https:\/\/eldiariodesanpedro.com.ar\/sitio\/wp-json\/wp\/v2\/comments?post=63651"}],"version-history":[{"count":1,"href":"https:\/\/eldiariodesanpedro.com.ar\/sitio\/wp-json\/wp\/v2\/posts\/63651\/revisions"}],"predecessor-version":[{"id":63653,"href":"https:\/\/eldiariodesanpedro.com.ar\/sitio\/wp-json\/wp\/v2\/posts\/63651\/revisions\/63653"}],"wp:featuredmedia":[{"embeddable":true,"href":"https:\/\/eldiariodesanpedro.com.ar\/sitio\/wp-json\/wp\/v2\/media\/63652"}],"wp:attachment":[{"href":"https:\/\/eldiariodesanpedro.com.ar\/sitio\/wp-json\/wp\/v2\/media?parent=63651"}],"wp:term":[{"taxonomy":"category","embeddable":true,"href":"https:\/\/eldiariodesanpedro.com.ar\/sitio\/wp-json\/wp\/v2\/categories?post=63651"},{"taxonomy":"post_tag","embeddable":true,"href":"https:\/\/eldiariodesanpedro.com.ar\/sitio\/wp-json\/wp\/v2\/tags?post=63651"}],"curies":[{"name":"wp","href":"https:\/\/api.w.org\/{rel}","templated":true}]}}