{"id":63645,"date":"2019-11-07T17:40:27","date_gmt":"2019-11-07T20:40:27","guid":{"rendered":"https:\/\/eldiariodesanpedro.com.ar\/sitio\/?p=63645"},"modified":"2019-11-07T17:40:31","modified_gmt":"2019-11-07T20:40:31","slug":"ramallo-denuncian-al-frigorifico-de-perez-millan-por-contaminacion","status":"publish","type":"post","link":"https:\/\/eldiariodesanpedro.com.ar\/sitio\/ramallo-denuncian-al-frigorifico-de-perez-millan-por-contaminacion\/","title":{"rendered":"RAMALLO | Denuncian al Frigor\u00edfico de P\u00e9rez Mill\u00e1n por contaminaci\u00f3n"},"content":{"rendered":"<!-- VideographyWP Plugin Message: Automatic video embedding prevented by plugin options. -->\n\n<p>La ONG Protecci\u00f3n Ambiental del Rio Paran\u00e1 present\u00f3 una denuncia sobre contaminaci\u00f3n en la ciudad de P\u00e9rez Mill\u00e1n, supuestamente provocada por el Frigor\u00edfico ArreBeef.<\/p>\n\n\n\n<p>Seg\u00fan la organizaci\u00f3n la empresa estar\u00eda vertiendo desechos de animales y qu\u00edmicos en desag\u00fces y otros lugares pr\u00f3ximos a la planta de faena. Adem\u00e1s, vecinos de la localidad coinciden que en las zanjas y campos aleda\u00f1os estar\u00edan desbordados de estos desechos y que el olor se hace insoportable.<\/p>\n\n\n\n<p>Junto a la denuncia se adjuntaron videos e im\u00e1genes donde se puede observar los desechos fluyendo por una zanja abierta.<\/p>\n\n\n\n<p>Fuente: Ramallo Ciudad <\/p>\n","protected":false},"excerpt":{"rendered":"<p>La ONG Protecci\u00f3n Ambiental del Rio Paran\u00e1 present\u00f3 una denuncia sobre contaminaci\u00f3n en la ciudad de P\u00e9rez Mill\u00e1n, supuestamente provocada por el Frigor\u00edfico ArreBeef. Seg\u00fan la organizaci\u00f3n la empresa estar\u00eda vertiendo desechos de animales y qu\u00edmicos en desag\u00fces y otros lugares pr\u00f3ximos a la planta de faena. Adem\u00e1s, vecinos de la localidad coinciden que en [&hellip;]<\/p>\n","protected":false},"author":4,"featured_media":63646,"comment_status":"open","ping_status":"closed","sticky":false,"template":"","format":"standard","meta":{"om_disable_all_campaigns":false,"_jetpack_memberships_contains_paid_content":false,"footnotes":""},"categories":[621],"tags":[],"class_list":["post-63645","post","type-post","status-publish","format-standard","has-post-thumbnail","hentry","category-regionales"],"aioseo_notices":[],"gutentor_comment":0,"jetpack_featured_media_url":"https:\/\/eldiariodesanpedro.com.ar\/sitio\/wp-content\/uploads\/2019\/11\/WhatsApp-Image-2019-11-06-at-13.06.42.jpeg","jetpack_shortlink":"https:\/\/wp.me\/p6RhLt-gyx","jetpack_sharing_enabled":true,"_links":{"self":[{"href":"https:\/\/eldiariodesanpedro.com.ar\/sitio\/wp-json\/wp\/v2\/posts\/63645","targetHints":{"allow":["GET"]}}],"collection":[{"href":"https:\/\/eldiariodesanpedro.com.ar\/sitio\/wp-json\/wp\/v2\/posts"}],"about":[{"href":"https:\/\/eldiariodesanpedro.com.ar\/sitio\/wp-json\/wp\/v2\/types\/post"}],"author":[{"embeddable":true,"href":"https:\/\/eldiariodesanpedro.com.ar\/sitio\/wp-json\/wp\/v2\/users\/4"}],"replies":[{"embeddable":true,"href":"https:\/\/eldiariodesanpedro.com.ar\/sitio\/wp-json\/wp\/v2\/comments?post=63645"}],"version-history":[{"count":1,"href":"https:\/\/eldiariodesanpedro.com.ar\/sitio\/wp-json\/wp\/v2\/posts\/63645\/revisions"}],"predecessor-version":[{"id":63647,"href":"https:\/\/eldiariodesanpedro.com.ar\/sitio\/wp-json\/wp\/v2\/posts\/63645\/revisions\/63647"}],"wp:featuredmedia":[{"embeddable":true,"href":"https:\/\/eldiariodesanpedro.com.ar\/sitio\/wp-json\/wp\/v2\/media\/63646"}],"wp:attachment":[{"href":"https:\/\/eldiariodesanpedro.com.ar\/sitio\/wp-json\/wp\/v2\/media?parent=63645"}],"wp:term":[{"taxonomy":"category","embeddable":true,"href":"https:\/\/eldiariodesanpedro.com.ar\/sitio\/wp-json\/wp\/v2\/categories?post=63645"},{"taxonomy":"post_tag","embeddable":true,"href":"https:\/\/eldiariodesanpedro.com.ar\/sitio\/wp-json\/wp\/v2\/tags?post=63645"}],"curies":[{"name":"wp","href":"https:\/\/api.w.org\/{rel}","templated":true}]}}