{"id":63642,"date":"2019-11-07T17:38:37","date_gmt":"2019-11-07T20:38:37","guid":{"rendered":"https:\/\/eldiariodesanpedro.com.ar\/sitio\/?p=63642"},"modified":"2019-11-07T17:38:41","modified_gmt":"2019-11-07T20:38:41","slug":"baradero-retiro-de-contenedores-plasticos-de-la-via-publica","status":"publish","type":"post","link":"https:\/\/eldiariodesanpedro.com.ar\/sitio\/baradero-retiro-de-contenedores-plasticos-de-la-via-publica\/","title":{"rendered":"BARADERO | Retiro de contenedores pl\u00e1sticos de la v\u00eda p\u00fablica"},"content":{"rendered":"<!-- VideographyWP Plugin Message: Automatic video embedding prevented by plugin options. -->\n\n<p>La Municipalidad de Baradero a trav\u00e9s de la&nbsp;<strong>Secretar\u00eda de Servicios P\u00fablicos<\/strong>&nbsp;comunica a los vecinos que debido a la ruptura de la caja compactadora de los camiones que levantan los contenedores pl\u00e1sticos de 1100 litros y dado los da\u00f1os sufridos estos \u00faltimos 10 d\u00edas de 5 contenedores quedamos y da\u00f1ados, el \u00e1rea&nbsp;<strong>se ve obligada a retirar los mismos de las calles hasta nuevo aviso.<\/strong><\/p>\n\n\n\n<p>\u00a1Ya estamos trabajando en la reparaci\u00f3n de dichos compactadores para reactivar el servicio!<\/p>\n\n\n\n<p>Fuente: Baradero Te Informa<\/p>\n","protected":false},"excerpt":{"rendered":"<p>La Municipalidad de Baradero a trav\u00e9s de la&nbsp;Secretar\u00eda de Servicios P\u00fablicos&nbsp;comunica a los vecinos que debido a la ruptura de la caja compactadora de los camiones que levantan los contenedores pl\u00e1sticos de 1100 litros y dado los da\u00f1os sufridos estos \u00faltimos 10 d\u00edas de 5 contenedores quedamos y da\u00f1ados, el \u00e1rea&nbsp;se ve obligada a retirar [&hellip;]<\/p>\n","protected":false},"author":4,"featured_media":63643,"comment_status":"open","ping_status":"closed","sticky":false,"template":"","format":"standard","meta":{"om_disable_all_campaigns":false,"_jetpack_memberships_contains_paid_content":false,"footnotes":""},"categories":[621],"tags":[],"class_list":["post-63642","post","type-post","status-publish","format-standard","has-post-thumbnail","hentry","category-regionales"],"aioseo_notices":[],"gutentor_comment":0,"jetpack_featured_media_url":"https:\/\/eldiariodesanpedro.com.ar\/sitio\/wp-content\/uploads\/2019\/11\/49603532_1800852013377191_2239601445139644416_n.jpg","jetpack_shortlink":"https:\/\/wp.me\/p6RhLt-gyu","jetpack_sharing_enabled":true,"_links":{"self":[{"href":"https:\/\/eldiariodesanpedro.com.ar\/sitio\/wp-json\/wp\/v2\/posts\/63642","targetHints":{"allow":["GET"]}}],"collection":[{"href":"https:\/\/eldiariodesanpedro.com.ar\/sitio\/wp-json\/wp\/v2\/posts"}],"about":[{"href":"https:\/\/eldiariodesanpedro.com.ar\/sitio\/wp-json\/wp\/v2\/types\/post"}],"author":[{"embeddable":true,"href":"https:\/\/eldiariodesanpedro.com.ar\/sitio\/wp-json\/wp\/v2\/users\/4"}],"replies":[{"embeddable":true,"href":"https:\/\/eldiariodesanpedro.com.ar\/sitio\/wp-json\/wp\/v2\/comments?post=63642"}],"version-history":[{"count":1,"href":"https:\/\/eldiariodesanpedro.com.ar\/sitio\/wp-json\/wp\/v2\/posts\/63642\/revisions"}],"predecessor-version":[{"id":63644,"href":"https:\/\/eldiariodesanpedro.com.ar\/sitio\/wp-json\/wp\/v2\/posts\/63642\/revisions\/63644"}],"wp:featuredmedia":[{"embeddable":true,"href":"https:\/\/eldiariodesanpedro.com.ar\/sitio\/wp-json\/wp\/v2\/media\/63643"}],"wp:attachment":[{"href":"https:\/\/eldiariodesanpedro.com.ar\/sitio\/wp-json\/wp\/v2\/media?parent=63642"}],"wp:term":[{"taxonomy":"category","embeddable":true,"href":"https:\/\/eldiariodesanpedro.com.ar\/sitio\/wp-json\/wp\/v2\/categories?post=63642"},{"taxonomy":"post_tag","embeddable":true,"href":"https:\/\/eldiariodesanpedro.com.ar\/sitio\/wp-json\/wp\/v2\/tags?post=63642"}],"curies":[{"name":"wp","href":"https:\/\/api.w.org\/{rel}","templated":true}]}}