{"id":6364,"date":"2016-07-26T17:14:28","date_gmt":"2016-07-26T20:14:28","guid":{"rendered":"https:\/\/eldiariodesanpedro.com.ar\/sitio\/?p=6364"},"modified":"2026-01-24T00:33:00","modified_gmt":"2026-01-24T03:33:00","slug":"los-clubes-contentos-con-la-noticia-no-habra-aumento","status":"publish","type":"post","link":"https:\/\/eldiariodesanpedro.com.ar\/sitio\/los-clubes-contentos-con-la-noticia-no-habra-aumento\/","title":{"rendered":"Los clubes contentos con la noticia: \u201cNo habr\u00e1 aumento\u201d"},"content":{"rendered":"<p><!-- VideographyWP Plugin Message: Automatic video embedding prevented by plugin options. --><br \/>\nEl titular de la Agencia de Prevenci\u00f3n de la Violencia en el Deporte, Juan Manuel Lugones, se reuni\u00f3 este viernes con los presidentes de las Ligas de f\u00fatbol en la ciudad de Chivilcoy,  por expresa indicaci\u00f3n del Ministro de Seguridad de la provincia de Buenos Aires Cristian Ritondo.<br \/>\nEl encuentro se desarroll\u00f3 ante la inquietud de los representantes de las Ligas por un inminente aumento del valor del servicio de polic\u00eda adicional. El Secretario Ejecutivo de la APreViDe explic\u00f3 que no est\u00e1 en la agenda un aumento inmediato. Lugones reafirm\u00f3 el compromiso de la Gobernadora Mar\u00eda Eugenia Vidal y el Ministro Ritondo para transparentar el trabajo de los efectivos policiales afectados al servicio POLAD. Los dirigentes junto al encargado de la APreViDe acordaron una agenda com\u00fan de trabajo para garantizar m\u00e1s seguridad para los hinchas del f\u00fatbol de las 46 ligas del interior de la provincia. La reuni\u00f3n se llev\u00f3 a cabo en la sede de la Liga de Chivilcoy. Participaron los presidentes y representantes de la Liga de Rojas, Carlos Casares,  Las Flores, Mercedes, San Antonio de Areco, Lincoln, Federaci\u00f3n Sur, Federaci\u00f3n Norte, y la Federaci\u00f3n Este.  La presente nota aparece en la pagina oficial del APreViDe  (www.aprevide.gba.gov.ar)  y ser\u00eda, de concretarse, una gran noticia para los clubes bonaerenses.<\/p>\n","protected":false},"excerpt":{"rendered":"<p>El titular de la Agencia de Prevenci\u00f3n de la Violencia en el Deporte, Juan Manuel Lugones, se reuni\u00f3 este viernes con los presidentes de las Ligas de f\u00fatbol en la ciudad de Chivilcoy, por expresa indicaci\u00f3n del Ministro de Seguridad de la provincia de Buenos Aires Cristian Ritondo. El encuentro se desarroll\u00f3 ante la inquietud [&hellip;]<\/p>\n","protected":false},"author":4,"featured_media":6365,"comment_status":"open","ping_status":"closed","sticky":false,"template":"","format":"standard","meta":{"om_disable_all_campaigns":false,"_jetpack_memberships_contains_paid_content":false,"footnotes":""},"categories":[5],"tags":[],"class_list":["post-6364","post","type-post","status-publish","format-standard","has-post-thumbnail","hentry","category-deportes"],"aioseo_notices":[],"gutentor_comment":0,"jetpack_featured_media_url":"https:\/\/eldiariodesanpedro.com.ar\/sitio\/wp-content\/uploads\/2016\/07\/1099_Aprevide-LOgo..jpg","jetpack_shortlink":"https:\/\/wp.me\/p6RhLt-1EE","jetpack_sharing_enabled":true,"_links":{"self":[{"href":"https:\/\/eldiariodesanpedro.com.ar\/sitio\/wp-json\/wp\/v2\/posts\/6364","targetHints":{"allow":["GET"]}}],"collection":[{"href":"https:\/\/eldiariodesanpedro.com.ar\/sitio\/wp-json\/wp\/v2\/posts"}],"about":[{"href":"https:\/\/eldiariodesanpedro.com.ar\/sitio\/wp-json\/wp\/v2\/types\/post"}],"author":[{"embeddable":true,"href":"https:\/\/eldiariodesanpedro.com.ar\/sitio\/wp-json\/wp\/v2\/users\/4"}],"replies":[{"embeddable":true,"href":"https:\/\/eldiariodesanpedro.com.ar\/sitio\/wp-json\/wp\/v2\/comments?post=6364"}],"version-history":[{"count":1,"href":"https:\/\/eldiariodesanpedro.com.ar\/sitio\/wp-json\/wp\/v2\/posts\/6364\/revisions"}],"predecessor-version":[{"id":6366,"href":"https:\/\/eldiariodesanpedro.com.ar\/sitio\/wp-json\/wp\/v2\/posts\/6364\/revisions\/6366"}],"wp:featuredmedia":[{"embeddable":true,"href":"https:\/\/eldiariodesanpedro.com.ar\/sitio\/wp-json\/wp\/v2\/media\/6365"}],"wp:attachment":[{"href":"https:\/\/eldiariodesanpedro.com.ar\/sitio\/wp-json\/wp\/v2\/media?parent=6364"}],"wp:term":[{"taxonomy":"category","embeddable":true,"href":"https:\/\/eldiariodesanpedro.com.ar\/sitio\/wp-json\/wp\/v2\/categories?post=6364"},{"taxonomy":"post_tag","embeddable":true,"href":"https:\/\/eldiariodesanpedro.com.ar\/sitio\/wp-json\/wp\/v2\/tags?post=6364"}],"curies":[{"name":"wp","href":"https:\/\/api.w.org\/{rel}","templated":true}]}}