{"id":63639,"date":"2019-11-07T17:35:07","date_gmt":"2019-11-07T20:35:07","guid":{"rendered":"https:\/\/eldiariodesanpedro.com.ar\/sitio\/?p=63639"},"modified":"2019-11-07T17:35:11","modified_gmt":"2019-11-07T20:35:11","slug":"campana-la-empresa-honda-desmiente-al-presidente-de-brasil-y-asegura-que-no-cerrara-su-fabrica-de-campana","status":"publish","type":"post","link":"https:\/\/eldiariodesanpedro.com.ar\/sitio\/campana-la-empresa-honda-desmiente-al-presidente-de-brasil-y-asegura-que-no-cerrara-su-fabrica-de-campana\/","title":{"rendered":"CAMPANA | La empresa Honda desmiente al presidente de Brasil y asegura que no cerrar\u00e1 su f\u00e1brica de Campana"},"content":{"rendered":"<!-- VideographyWP Plugin Message: Automatic video embedding prevented by plugin options. -->\n\n<p>El presidente de Brasil,<strong>&nbsp;Jair Bolsonaro<\/strong>, anunci\u00f3 esta ma\u00f1ana que la automotriz japonesa&nbsp;<strong>Honda,&nbsp;<\/strong>la fabricante francesa de cosm\u00e9ticos&nbsp;<strong>L\u2019Oreal<\/strong>&nbsp;y la compa\u00f1\u00eda de motores MWM le comunicaron que cerrar\u00e1n sus f\u00e1bricas en la Argentina para instalarse en el vecino pa\u00eds. \u201cEs un nuevo gesto de confianza de los inversores para generar m\u00e1s empleos y un mayor crecimiento econ\u00f3mico\u201d, asegur\u00f3 en&nbsp;<strong>un mensaje que public\u00f3 en redes sociales. Sin embargo, apenas una hora despu\u00e9s lo borr\u00f3.<\/strong><\/p>\n\n\n\n<p>El anuncio \u2014r\u00e1pidamente eliminado\u2014 fue difundido en un momento complicado para las relaciones entre ambos pa\u00edses. Desde las elecciones generales realizadas en Argentina, Bolsonaro acumul\u00f3 cr\u00edticas contra el presidente electo Alberto Fern\u00e1ndez. De hecho, adelant\u00f3 que&nbsp;no vendr\u00e1 a los actos de asunci\u00f3n que se llevar\u00e1n a cabo el 10 de diciembre y enviar\u00e1 a su vice, Hamilton Mourao.<\/p>\n\n\n\n<p>Minutos despu\u00e9s de la publicaci\u00f3n del mensaje de Bolsonaro en Twitter, desde las sedes locales de dos de las empresas involucradas desmintieron esa informaci\u00f3n. En el caso de MWM, la fabricante de motores, el cierre de su planta en C\u00f3rdoba ya se hab\u00eda producido en septiembre pasado.<\/p>\n\n\n\n<p>\u201c<strong>Honda no cierra su planta en Argentina<\/strong>, sino que&nbsp;mantendr\u00e1 sus operaciones tal como estaba previsto, a partir del 2020 concentrando su producci\u00f3n en la l\u00ednea de motocicletas\u201d, explicaron al portal&nbsp;<strong>Infobae&nbsp;<\/strong>desde la filial local de compa\u00f1\u00eda. Es probable que Bolsonaro haya hecho referencia a que la empresa japonesa dejar\u00e1 de fabricar autos en la Argentina y concentrar\u00e1 su producci\u00f3n en motos.<\/p>\n\n\n\n<p>A mediados de agosto pasado,&nbsp;la compa\u00f1\u00eda automotriz anunci\u00f3 que dejar\u00eda de fabricar autos en la Argentina a partir del a\u00f1o que viene. Hasta el momento, la marca japonesa produc\u00eda el modelo HR-V en su planta de la localidad de Campana, que desde el segundo trimestre de 2020 se enfocar\u00e1 solo en la producci\u00f3n de motocicletas.<\/p>\n\n\n\n<p>\u201cEs una&nbsp;<strong>decisi\u00f3n a nivel global&nbsp;<\/strong>que no tiene que ver con el contexto econ\u00f3mico local. La industria automotriz cambi\u00f3 y Honda Jap\u00f3n defini\u00f3 que las capacidades de producci\u00f3n se adapten de otra manera\u201d, explicaron entonces desde la empresa. En Honda trabajan actualmente unas&nbsp;<strong>1.050 personas: el 40% vinculadas con la producci\u00f3n de autos<\/strong>&nbsp;y el resto con la fabricaci\u00f3n de motos y tareas administrativas.<\/p>\n\n\n\n<p>Con todo, desde Honda remarcaron que continuar\u00e1n la comercializaci\u00f3n de autom\u00f3viles, con su servicio post venta y repuestos en el mercado local. A partir del a\u00f1o que viene&nbsp;<strong>se abastecer\u00e1n de varias plantas a nivel global<\/strong>. E incluso esta semana realizar\u00e1n anuncios de nuevos lanzamientos en la Argentina.<\/p>\n\n\n\n<p>Por el contrario, en febrero de este a\u00f1o,\u00a0<strong>Honda inaugur\u00f3 su segunda f\u00e1brica en Brasil<\/strong>, ubicada en la ciudad de Itirapina, interior del estado de S\u00e3o Paulo, y donde se produce el  modelo Fit. <\/p>\n\n\n\n<p>Fuente: Impacto Local<\/p>\n","protected":false},"excerpt":{"rendered":"<p>El presidente de Brasil,&nbsp;Jair Bolsonaro, anunci\u00f3 esta ma\u00f1ana que la automotriz japonesa&nbsp;Honda,&nbsp;la fabricante francesa de cosm\u00e9ticos&nbsp;L\u2019Oreal&nbsp;y la compa\u00f1\u00eda de motores MWM le comunicaron que cerrar\u00e1n sus f\u00e1bricas en la Argentina para instalarse en el vecino pa\u00eds. \u201cEs un nuevo gesto de confianza de los inversores para generar m\u00e1s empleos y un mayor crecimiento econ\u00f3mico\u201d, asegur\u00f3 [&hellip;]<\/p>\n","protected":false},"author":4,"featured_media":63640,"comment_status":"open","ping_status":"closed","sticky":false,"template":"","format":"standard","meta":{"om_disable_all_campaigns":false,"_jetpack_memberships_contains_paid_content":false,"footnotes":""},"categories":[621],"tags":[],"class_list":["post-63639","post","type-post","status-publish","format-standard","has-post-thumbnail","hentry","category-regionales"],"aioseo_notices":[],"gutentor_comment":0,"jetpack_featured_media_url":"https:\/\/eldiariodesanpedro.com.ar\/sitio\/wp-content\/uploads\/2019\/11\/bolsonaro-en-moto-honda-1.jpg","jetpack_shortlink":"https:\/\/wp.me\/p6RhLt-gyr","jetpack_sharing_enabled":true,"_links":{"self":[{"href":"https:\/\/eldiariodesanpedro.com.ar\/sitio\/wp-json\/wp\/v2\/posts\/63639","targetHints":{"allow":["GET"]}}],"collection":[{"href":"https:\/\/eldiariodesanpedro.com.ar\/sitio\/wp-json\/wp\/v2\/posts"}],"about":[{"href":"https:\/\/eldiariodesanpedro.com.ar\/sitio\/wp-json\/wp\/v2\/types\/post"}],"author":[{"embeddable":true,"href":"https:\/\/eldiariodesanpedro.com.ar\/sitio\/wp-json\/wp\/v2\/users\/4"}],"replies":[{"embeddable":true,"href":"https:\/\/eldiariodesanpedro.com.ar\/sitio\/wp-json\/wp\/v2\/comments?post=63639"}],"version-history":[{"count":1,"href":"https:\/\/eldiariodesanpedro.com.ar\/sitio\/wp-json\/wp\/v2\/posts\/63639\/revisions"}],"predecessor-version":[{"id":63641,"href":"https:\/\/eldiariodesanpedro.com.ar\/sitio\/wp-json\/wp\/v2\/posts\/63639\/revisions\/63641"}],"wp:featuredmedia":[{"embeddable":true,"href":"https:\/\/eldiariodesanpedro.com.ar\/sitio\/wp-json\/wp\/v2\/media\/63640"}],"wp:attachment":[{"href":"https:\/\/eldiariodesanpedro.com.ar\/sitio\/wp-json\/wp\/v2\/media?parent=63639"}],"wp:term":[{"taxonomy":"category","embeddable":true,"href":"https:\/\/eldiariodesanpedro.com.ar\/sitio\/wp-json\/wp\/v2\/categories?post=63639"},{"taxonomy":"post_tag","embeddable":true,"href":"https:\/\/eldiariodesanpedro.com.ar\/sitio\/wp-json\/wp\/v2\/tags?post=63639"}],"curies":[{"name":"wp","href":"https:\/\/api.w.org\/{rel}","templated":true}]}}