{"id":63636,"date":"2019-11-07T17:32:20","date_gmt":"2019-11-07T20:32:20","guid":{"rendered":"https:\/\/eldiariodesanpedro.com.ar\/sitio\/?p=63636"},"modified":"2019-11-07T17:32:24","modified_gmt":"2019-11-07T20:32:24","slug":"san-nicolas-se-busca-a-joven-enfermera-que-no-regreso-a-su-domicilio","status":"publish","type":"post","link":"https:\/\/eldiariodesanpedro.com.ar\/sitio\/san-nicolas-se-busca-a-joven-enfermera-que-no-regreso-a-su-domicilio\/","title":{"rendered":"SAN NICOL\u00c1S | Se busca a joven enfermera que no regres\u00f3 a su domicilio"},"content":{"rendered":"<!-- VideographyWP Plugin Message: Automatic video embedding prevented by plugin options. -->\n\n<p>\n\nEn horas de la ma\u00f1ana del jueves la se\u00f1ora Silvia Gareca denunci\u00f3 en sede de la Comisar\u00eda Primera, que su hija Daiana Almeida de 30 a\u00f1os, no regres\u00f3 a su domicilio, de calle Lavalle al 900, desde que sali\u00f3 de su lugar de trabajo a las 00:00 horas. Presta servicio en el Hospital San Felipe como enfermera.<\/p>\n\n\n\n<p>Trascendi\u00f3 como dato que sirve para averiguaciones, que Daiana Almeida en el dia de ayer discuti\u00f3 con su pareja y hasta el momento no volvi\u00f3 a su hogar.<\/p>\n\n\n\n<p>Resulta ser de 1.65 de estatura, cabello negro oscuro lacio, tez blanca, ojos marrones, robusta.<\/p>\n\n\n\n<p>Al momento de su salida del Hospital pose\u00eda vestimenta de ambo y calzado tipo Crocs.<\/p>\n\n\n\n<p>Ante cualquier informaci\u00f3n pueden acercarse a la Comisaria mas cercana.<\/p>\n\n\n\n<p>Se inici\u00f3 protocolo de b\u00fasqueda y la investigaci\u00f3n la lleva adelante la UFI N\u00ba 4. <\/p>\n\n\n\n<p>Fuente: Diario El Informante<\/p>\n","protected":false},"excerpt":{"rendered":"<p>En horas de la ma\u00f1ana del jueves la se\u00f1ora Silvia Gareca denunci\u00f3 en sede de la Comisar\u00eda Primera, que su hija Daiana Almeida de 30 a\u00f1os, no regres\u00f3 a su domicilio, de calle Lavalle al 900, desde que sali\u00f3 de su lugar de trabajo a las 00:00 horas. Presta servicio en el Hospital San Felipe [&hellip;]<\/p>\n","protected":false},"author":4,"featured_media":63637,"comment_status":"open","ping_status":"closed","sticky":false,"template":"","format":"standard","meta":{"om_disable_all_campaigns":false,"_jetpack_memberships_contains_paid_content":false,"footnotes":""},"categories":[621],"tags":[],"class_list":["post-63636","post","type-post","status-publish","format-standard","has-post-thumbnail","hentry","category-regionales"],"aioseo_notices":[],"gutentor_comment":0,"jetpack_featured_media_url":"https:\/\/eldiariodesanpedro.com.ar\/sitio\/wp-content\/uploads\/2019\/11\/no_2puxhi6m69e5iyh20191107_081841_0000-1.png","jetpack_shortlink":"https:\/\/wp.me\/p6RhLt-gyo","jetpack_sharing_enabled":true,"_links":{"self":[{"href":"https:\/\/eldiariodesanpedro.com.ar\/sitio\/wp-json\/wp\/v2\/posts\/63636","targetHints":{"allow":["GET"]}}],"collection":[{"href":"https:\/\/eldiariodesanpedro.com.ar\/sitio\/wp-json\/wp\/v2\/posts"}],"about":[{"href":"https:\/\/eldiariodesanpedro.com.ar\/sitio\/wp-json\/wp\/v2\/types\/post"}],"author":[{"embeddable":true,"href":"https:\/\/eldiariodesanpedro.com.ar\/sitio\/wp-json\/wp\/v2\/users\/4"}],"replies":[{"embeddable":true,"href":"https:\/\/eldiariodesanpedro.com.ar\/sitio\/wp-json\/wp\/v2\/comments?post=63636"}],"version-history":[{"count":1,"href":"https:\/\/eldiariodesanpedro.com.ar\/sitio\/wp-json\/wp\/v2\/posts\/63636\/revisions"}],"predecessor-version":[{"id":63638,"href":"https:\/\/eldiariodesanpedro.com.ar\/sitio\/wp-json\/wp\/v2\/posts\/63636\/revisions\/63638"}],"wp:featuredmedia":[{"embeddable":true,"href":"https:\/\/eldiariodesanpedro.com.ar\/sitio\/wp-json\/wp\/v2\/media\/63637"}],"wp:attachment":[{"href":"https:\/\/eldiariodesanpedro.com.ar\/sitio\/wp-json\/wp\/v2\/media?parent=63636"}],"wp:term":[{"taxonomy":"category","embeddable":true,"href":"https:\/\/eldiariodesanpedro.com.ar\/sitio\/wp-json\/wp\/v2\/categories?post=63636"},{"taxonomy":"post_tag","embeddable":true,"href":"https:\/\/eldiariodesanpedro.com.ar\/sitio\/wp-json\/wp\/v2\/tags?post=63636"}],"curies":[{"name":"wp","href":"https:\/\/api.w.org\/{rel}","templated":true}]}}