{"id":63632,"date":"2019-11-07T11:20:37","date_gmt":"2019-11-07T14:20:37","guid":{"rendered":"https:\/\/eldiariodesanpedro.com.ar\/sitio\/?p=63632"},"modified":"2019-11-07T11:20:41","modified_gmt":"2019-11-07T14:20:41","slug":"robaron-una-bicicleta-del-interior-de-una-escuela","status":"publish","type":"post","link":"https:\/\/eldiariodesanpedro.com.ar\/sitio\/robaron-una-bicicleta-del-interior-de-una-escuela\/","title":{"rendered":"Robaron una bicicleta del interior de una escuela"},"content":{"rendered":"<!-- VideographyWP Plugin Message: Automatic video embedding prevented by plugin options. -->\n\n<p>El hecho se produjo en el establecimiento ubicado en intersecci\u00f3n de las calles Uruguay y Tres de Febrero.<\/p>\n\n\n\n<p>Una femenina de 33 a\u00f1os de edad, radico su denuncia en la comisaria local contando que su hijo asisti\u00f3 a la escuela como todos los d\u00edas y dejo su bicicleta estacionada en el bicicletero que se encuentra en el interior de la misma.<\/p>\n\n\n\n<p>Al finalizar la jornada constata que la misma ya no estaba.<\/p>\n\n\n\n<p>Se investiga con intervenci\u00f3n de la fiscalia en turno.<\/p>\n","protected":false},"excerpt":{"rendered":"<p>El hecho se produjo en el establecimiento ubicado en intersecci\u00f3n de las calles Uruguay y Tres de Febrero. Una femenina de 33 a\u00f1os de edad, radico su denuncia en la comisaria local contando que su hijo asisti\u00f3 a la escuela como todos los d\u00edas y dejo su bicicleta estacionada en el bicicletero que se encuentra [&hellip;]<\/p>\n","protected":false},"author":4,"featured_media":62530,"comment_status":"open","ping_status":"closed","sticky":false,"template":"","format":"standard","meta":{"om_disable_all_campaigns":false,"_jetpack_memberships_contains_paid_content":false,"footnotes":""},"categories":[2,103],"tags":[],"class_list":["post-63632","post","type-post","status-publish","format-standard","has-post-thumbnail","hentry","category-locales","category-policiales-locales"],"aioseo_notices":[],"gutentor_comment":0,"jetpack_featured_media_url":"https:\/\/eldiariodesanpedro.com.ar\/sitio\/wp-content\/uploads\/2019\/10\/patrullero-policia_9.jpg","jetpack_shortlink":"https:\/\/wp.me\/p6RhLt-gyk","jetpack_sharing_enabled":true,"_links":{"self":[{"href":"https:\/\/eldiariodesanpedro.com.ar\/sitio\/wp-json\/wp\/v2\/posts\/63632","targetHints":{"allow":["GET"]}}],"collection":[{"href":"https:\/\/eldiariodesanpedro.com.ar\/sitio\/wp-json\/wp\/v2\/posts"}],"about":[{"href":"https:\/\/eldiariodesanpedro.com.ar\/sitio\/wp-json\/wp\/v2\/types\/post"}],"author":[{"embeddable":true,"href":"https:\/\/eldiariodesanpedro.com.ar\/sitio\/wp-json\/wp\/v2\/users\/4"}],"replies":[{"embeddable":true,"href":"https:\/\/eldiariodesanpedro.com.ar\/sitio\/wp-json\/wp\/v2\/comments?post=63632"}],"version-history":[{"count":1,"href":"https:\/\/eldiariodesanpedro.com.ar\/sitio\/wp-json\/wp\/v2\/posts\/63632\/revisions"}],"predecessor-version":[{"id":63633,"href":"https:\/\/eldiariodesanpedro.com.ar\/sitio\/wp-json\/wp\/v2\/posts\/63632\/revisions\/63633"}],"wp:featuredmedia":[{"embeddable":true,"href":"https:\/\/eldiariodesanpedro.com.ar\/sitio\/wp-json\/wp\/v2\/media\/62530"}],"wp:attachment":[{"href":"https:\/\/eldiariodesanpedro.com.ar\/sitio\/wp-json\/wp\/v2\/media?parent=63632"}],"wp:term":[{"taxonomy":"category","embeddable":true,"href":"https:\/\/eldiariodesanpedro.com.ar\/sitio\/wp-json\/wp\/v2\/categories?post=63632"},{"taxonomy":"post_tag","embeddable":true,"href":"https:\/\/eldiariodesanpedro.com.ar\/sitio\/wp-json\/wp\/v2\/tags?post=63632"}],"curies":[{"name":"wp","href":"https:\/\/api.w.org\/{rel}","templated":true}]}}