{"id":63626,"date":"2019-11-07T11:06:08","date_gmt":"2019-11-07T14:06:08","guid":{"rendered":"https:\/\/eldiariodesanpedro.com.ar\/sitio\/?p=63626"},"modified":"2019-11-07T11:29:50","modified_gmt":"2019-11-07T14:29:50","slug":"las-denuncias-por-amenazas-y-conflictos-vecinales-crecen-en-nuestra-ciudad","status":"publish","type":"post","link":"https:\/\/eldiariodesanpedro.com.ar\/sitio\/las-denuncias-por-amenazas-y-conflictos-vecinales-crecen-en-nuestra-ciudad\/","title":{"rendered":"Las denuncias por amenazas y conflictos vecinales crecen en nuestra ciudad"},"content":{"rendered":"<!-- VideographyWP Plugin Message: Automatic video embedding prevented by plugin options. -->\n\n<p>A diario se reciben denuncias por amenazas. En algunas ocasiones existe un trasfondo que podr\u00eda resolverse a trav\u00e9s de otras alternativas. La mayor\u00eda suelen ser violencia de genero.<\/p>\n\n\n\n<p>En nuestra ciudad es com\u00fan ver o escuchar a dos automovilistas que se cruzan en un sem\u00e1foro; discuten y uno amenaza al otro con que le va a romper el auto y lo va a matar. En un barrio, hay una casa que siempre se la ve con las puertas y las ventanas cerradas. A veces se escucha el grito de un hombre que suena como un trueno; en esa casa una mujer vive amenazada por su pareja, quien le jura que va a hacerle tanto da\u00f1o como le sea posible. Dos vecinas se guardan rencor porque el perro de una pisa el c\u00e9sped de la vereda de la otra; en el medio del reclamo, se escucha una amenaza: \u201cTe voy a quemar la casa\u201d. Todas estas situaciones terminan en una unidad judicial, plasmadas en denuncias penales. <\/p>\n\n\n\n<p>De acuerdo con el C\u00f3digo Penal Argentino, la amenaza es un delito que atenta contra la libertad de las personas. En el art\u00edculo 149 bis se indica que ser\u00e1 reprimido con prisi\u00f3n de seis meses a dos a\u00f1os el que hiciere uso de amenazas para alarmar o amedrentar a una o m\u00e1s personas. En este caso la pena ser\u00e1 de uno a tres a\u00f1os de prisi\u00f3n si se emplearen armas o si las amenazas fueren an\u00f3nimas.<\/p>\n\n\n\n<p>Este mi\u00e9rcoles en nuestra dependencia se radicaron tres denuncias.<\/p>\n\n\n\n<p>Un masculino de 18 a\u00f1os de edad, cuenta que momentos en que se encontraba en la terminal de \u00f3mnibus Maria A. de Gomendio 610, otro masculino con el cual tiene problemas de vieja data, comienza a amenazarlo verbalmente, que al d\u00eda siguiente se encuentra con el padre de este joven en parada de colectivo, que este tambi\u00e9n lo amenaza verbalmente de muerte.<\/p>\n\n\n\n<p>&nbsp;Una  femenina 36, cuenta que posee problemas de vieja data con sus vecinos, a ra\u00edz de que la pareja actual de su hija, habr\u00eda mantenido relaci\u00f3n amorosa con una de sus vecinas. Que diariamente recibe amenazas por parte de familia de la ex pareja de su actual yerno.<\/p>\n\n\n\n<p>Por ultimo una femenina de 24, que se desempe\u00f1a laboral mente cuidando a un hombre mayor y que  mientras se encontraba en la casa de este, ubicada en San Mart\u00edn al 600, de la localidad vecina de\u00a0Rio Tala preparando merienda, se hace presente la ex mujer del se\u00f1or conjuntamente con sus hijos, los cuales comienzan a agredir y amenazar verbalmente a ambos, luego se retiran.<\/p>\n\n\n\n<p>A este parte oficial se le suma una denuncia por agresi\u00f3n y da\u00f1os. Una mujer de 52 cuenta que se encontraba circulando con su hijo por la v\u00eda publica, cuando se le acerca otro masculino y le propina dos golpes de pu\u00f1o en la espalda, refiere que tiene problemas de larga data.<\/p>\n\n\n\n<p>Terminando un masculino denuncio que mientras dorm\u00eda en su vivienda ubicada en Miguel Porta al 900, siente una explosi\u00f3n y al dirigirse hacia su garage se estaba incendiando quien lo extiende r\u00e1pidamente.<br><\/p>\n\n\n\n<p>Sin \u00e1nimos de generalizar, en la mayor\u00eda de las amenazas existe un trasfondo de alguna \u00edndole que determina una vinculaci\u00f3n permanente o circunstancial de las partes. Esta vinculaci\u00f3n puede ser entre comerciante y cliente, o en una relaci\u00f3n de vecindad o amorosa. En la mayor\u00eda de los casos, las partes se conocen de antemano y hubo algo que fue exacerbando el estado an\u00edmico que llev\u00f3 a eso, o simplemente un  maltrato verbal.<\/p>\n\n\n\n<p>Seria de mejor manera tratar de dar un espacio para el di\u00e1logo,  ser\u00eda mucho m\u00e1s efectivo que una denuncia, dado que la v\u00eda penal siempre debe ser considerada la \u00faltima ratio, porque el delito de amenaza podr\u00eda tener una sanci\u00f3n pero no resolver\u00eda el conflicto de fondo. <\/p>\n\n\n\n<p> Pero tambi\u00e9n, donde ya hubo amenazas previas, se presta m\u00e1s atenci\u00f3n. En otras situaciones se debe actuar anticipadamente para prevenir como en los conflictos donde se produce violencia de genero. A veces una amenaza puede terminar en un hecho m\u00e1s grave. <\/p>\n\n\n\n<p> La L\u00ednea 144 brinda atenci\u00f3n telef\u00f3nica especializada a mujeres v\u00edctimas de&nbsp;violencia de g\u00e9nero&nbsp;durante las 24 horas, los 365 d\u00edas del a\u00f1o. Es an\u00f3nima, gratuita y nacional. <\/p>\n\n\n\n<p> Es lamentable observar en nuestra ciudad que las amenazas crecen pero van acompa\u00f1adas por enfrentamientos armados entre vecinos,  el mercado de armas existe, una tendencia creciente que alarma.<\/p>\n\n\n\n<p><br><\/p>\n","protected":false},"excerpt":{"rendered":"<p>A diario se reciben denuncias por amenazas. En algunas ocasiones existe un trasfondo que podr\u00eda resolverse a trav\u00e9s de otras alternativas. La mayor\u00eda suelen ser violencia de genero. En nuestra ciudad es com\u00fan ver o escuchar a dos automovilistas que se cruzan en un sem\u00e1foro; discuten y uno amenaza al otro con que le va [&hellip;]<\/p>\n","protected":false},"author":4,"featured_media":63627,"comment_status":"open","ping_status":"closed","sticky":false,"template":"","format":"standard","meta":{"om_disable_all_campaigns":false,"_jetpack_memberships_contains_paid_content":false,"footnotes":""},"categories":[50,2,103],"tags":[],"class_list":["post-63626","post","type-post","status-publish","format-standard","has-post-thumbnail","hentry","category-destacadas","category-locales","category-policiales-locales"],"aioseo_notices":[],"gutentor_comment":0,"jetpack_featured_media_url":"https:\/\/eldiariodesanpedro.com.ar\/sitio\/wp-content\/uploads\/2019\/11\/1571664958_856220_1571665040_noticia_normal.jpg","jetpack_shortlink":"https:\/\/wp.me\/p6RhLt-gye","jetpack_sharing_enabled":true,"_links":{"self":[{"href":"https:\/\/eldiariodesanpedro.com.ar\/sitio\/wp-json\/wp\/v2\/posts\/63626","targetHints":{"allow":["GET"]}}],"collection":[{"href":"https:\/\/eldiariodesanpedro.com.ar\/sitio\/wp-json\/wp\/v2\/posts"}],"about":[{"href":"https:\/\/eldiariodesanpedro.com.ar\/sitio\/wp-json\/wp\/v2\/types\/post"}],"author":[{"embeddable":true,"href":"https:\/\/eldiariodesanpedro.com.ar\/sitio\/wp-json\/wp\/v2\/users\/4"}],"replies":[{"embeddable":true,"href":"https:\/\/eldiariodesanpedro.com.ar\/sitio\/wp-json\/wp\/v2\/comments?post=63626"}],"version-history":[{"count":4,"href":"https:\/\/eldiariodesanpedro.com.ar\/sitio\/wp-json\/wp\/v2\/posts\/63626\/revisions"}],"predecessor-version":[{"id":63635,"href":"https:\/\/eldiariodesanpedro.com.ar\/sitio\/wp-json\/wp\/v2\/posts\/63626\/revisions\/63635"}],"wp:featuredmedia":[{"embeddable":true,"href":"https:\/\/eldiariodesanpedro.com.ar\/sitio\/wp-json\/wp\/v2\/media\/63627"}],"wp:attachment":[{"href":"https:\/\/eldiariodesanpedro.com.ar\/sitio\/wp-json\/wp\/v2\/media?parent=63626"}],"wp:term":[{"taxonomy":"category","embeddable":true,"href":"https:\/\/eldiariodesanpedro.com.ar\/sitio\/wp-json\/wp\/v2\/categories?post=63626"},{"taxonomy":"post_tag","embeddable":true,"href":"https:\/\/eldiariodesanpedro.com.ar\/sitio\/wp-json\/wp\/v2\/tags?post=63626"}],"curies":[{"name":"wp","href":"https:\/\/api.w.org\/{rel}","templated":true}]}}