{"id":63623,"date":"2019-11-07T10:14:42","date_gmt":"2019-11-07T13:14:42","guid":{"rendered":"https:\/\/eldiariodesanpedro.com.ar\/sitio\/?p=63623"},"modified":"2019-11-07T10:14:46","modified_gmt":"2019-11-07T13:14:46","slug":"nuevamente-robaron-plantas-de-un-vivero","status":"publish","type":"post","link":"https:\/\/eldiariodesanpedro.com.ar\/sitio\/nuevamente-robaron-plantas-de-un-vivero\/","title":{"rendered":"Nuevamente robaron plantas de un vivero"},"content":{"rendered":"<!-- VideographyWP Plugin Message: Automatic video embedding prevented by plugin options. -->\n\n<p> Este mi\u00e9rcoles se conoci\u00f3 el robo de casi 40 plantas de un vivero,  sin embargo los hechos delictivos se producen a diario en mayor o menor medida.\u00a0La C\u00e1mara de Viveristas de San Pedro apunta a un gran mercado interno ilegal.<\/p>\n\n\n\n<p> La noticias de los robos de plantas y plantines de los viveros de San Pedro y las localidades no paran. Pero lo cierto es que el mercado ilegal encuentra demanda que justifica los hechos delictivos, porque alguien compra lo robado.<\/p>\n\n\n\n<p>Este mi\u00e9rcoles una ciudadana de 46 a\u00f1os de edad, propietaria del vivero que se encuentra sobre intersecci\u00f3n de Lucio Mansilla y Las Provincias, radico su denuncia en la dependencia local constatando en faltante de plantas.<\/p>\n\n\n\n<p>La mujer dice haber constatado el hecho cuando da cuenta que el alambrado fue da\u00f1ado por delincuentes que lograron sustraer casi 40 plantas de c\u00edtricos, 2 palmeras Pindo y bolsas de tierra no recordando la marca.<\/p>\n\n\n\n<p>La c\u00e1mara de viveristas tuvo una reuni\u00f3n con el Intendente Salazar el mes pasado donde se planteo la falta de seguridad, patrullas en la zona rurales y la preocupaci\u00f3n por el mercado ilegal interno.<\/p>\n\n\n\n<p><br><\/p>\n","protected":false},"excerpt":{"rendered":"<p>Este mi\u00e9rcoles se conoci\u00f3 el robo de casi 40 plantas de un vivero, sin embargo los hechos delictivos se producen a diario en mayor o menor medida.\u00a0La C\u00e1mara de Viveristas de San Pedro apunta a un gran mercado interno ilegal. La noticias de los robos de plantas y plantines de los viveros de San Pedro [&hellip;]<\/p>\n","protected":false},"author":4,"featured_media":63624,"comment_status":"open","ping_status":"closed","sticky":false,"template":"","format":"standard","meta":{"om_disable_all_campaigns":false,"_jetpack_memberships_contains_paid_content":false,"footnotes":""},"categories":[50,2,103],"tags":[],"class_list":["post-63623","post","type-post","status-publish","format-standard","has-post-thumbnail","hentry","category-destacadas","category-locales","category-policiales-locales"],"aioseo_notices":[],"gutentor_comment":0,"jetpack_featured_media_url":"https:\/\/eldiariodesanpedro.com.ar\/sitio\/wp-content\/uploads\/2019\/11\/68954643_2339736759600259_645075784024719360_o-1024x768.jpg","jetpack_shortlink":"https:\/\/wp.me\/p6RhLt-gyb","jetpack_sharing_enabled":true,"_links":{"self":[{"href":"https:\/\/eldiariodesanpedro.com.ar\/sitio\/wp-json\/wp\/v2\/posts\/63623","targetHints":{"allow":["GET"]}}],"collection":[{"href":"https:\/\/eldiariodesanpedro.com.ar\/sitio\/wp-json\/wp\/v2\/posts"}],"about":[{"href":"https:\/\/eldiariodesanpedro.com.ar\/sitio\/wp-json\/wp\/v2\/types\/post"}],"author":[{"embeddable":true,"href":"https:\/\/eldiariodesanpedro.com.ar\/sitio\/wp-json\/wp\/v2\/users\/4"}],"replies":[{"embeddable":true,"href":"https:\/\/eldiariodesanpedro.com.ar\/sitio\/wp-json\/wp\/v2\/comments?post=63623"}],"version-history":[{"count":1,"href":"https:\/\/eldiariodesanpedro.com.ar\/sitio\/wp-json\/wp\/v2\/posts\/63623\/revisions"}],"predecessor-version":[{"id":63625,"href":"https:\/\/eldiariodesanpedro.com.ar\/sitio\/wp-json\/wp\/v2\/posts\/63623\/revisions\/63625"}],"wp:featuredmedia":[{"embeddable":true,"href":"https:\/\/eldiariodesanpedro.com.ar\/sitio\/wp-json\/wp\/v2\/media\/63624"}],"wp:attachment":[{"href":"https:\/\/eldiariodesanpedro.com.ar\/sitio\/wp-json\/wp\/v2\/media?parent=63623"}],"wp:term":[{"taxonomy":"category","embeddable":true,"href":"https:\/\/eldiariodesanpedro.com.ar\/sitio\/wp-json\/wp\/v2\/categories?post=63623"},{"taxonomy":"post_tag","embeddable":true,"href":"https:\/\/eldiariodesanpedro.com.ar\/sitio\/wp-json\/wp\/v2\/tags?post=63623"}],"curies":[{"name":"wp","href":"https:\/\/api.w.org\/{rel}","templated":true}]}}