{"id":63618,"date":"2019-11-07T09:43:10","date_gmt":"2019-11-07T12:43:10","guid":{"rendered":"https:\/\/eldiariodesanpedro.com.ar\/sitio\/?p=63618"},"modified":"2019-11-07T09:43:15","modified_gmt":"2019-11-07T12:43:15","slug":"alumnos-de-la-escuela-industrial-lograron-el-primer-puesto-en-el-nacional-de-la-inet","status":"publish","type":"post","link":"https:\/\/eldiariodesanpedro.com.ar\/sitio\/alumnos-de-la-escuela-industrial-lograron-el-primer-puesto-en-el-nacional-de-la-inet\/","title":{"rendered":"Alumnos de la Escuela Industrial lograron el primer puesto en el Nacional de la Inet"},"content":{"rendered":"<!-- VideographyWP Plugin Message: Automatic video embedding prevented by plugin options. -->\n\n<p>Los alumnos de la Escuela de Educaci\u00f3n T\u00e9cnica N\u00ba1, pasaron a la instancia nacional de las Olimp\u00edadas INET, tras obtener excelentes resultados en las especialidades de Programaci\u00f3n Inform\u00e1tica, Electromec\u00e1nica y Qu\u00edmica del certamen que se llev\u00f3 a cabo en Mar del Plata. <\/p>\n\n\n\n<p>El equipo sampedrino estuvo formado por Rodrigo Castro, Luciano Gonz\u00e1lez, Jorge Camarasa, Nahuel Verd\u00f3n, Santiago N\u00fa\u00f1ez y Kevin Jhonsen.<\/p>\n\n\n\n<p> <\/p>\n\n\n\n<ul class=\"wp-block-gallery columns-3 is-cropped wp-block-gallery-1 is-layout-flex wp-block-gallery-is-layout-flex\"><li class=\"blocks-gallery-item\"><figure><img decoding=\"async\" width=\"1024\" height=\"768\" data-attachment-id=\"63620\" data-permalink=\"https:\/\/eldiariodesanpedro.com.ar\/sitio\/alumnos-de-la-escuela-industrial-lograron-el-primer-puesto-en-el-nacional-de-la-inet\/whatsapp-image-2019-11-06-at-6-28-34-pm-1\/\" data-orig-file=\"https:\/\/eldiariodesanpedro.com.ar\/sitio\/wp-content\/uploads\/2019\/11\/WhatsApp-Image-2019-11-06-at-6.28.34-PM-1.jpeg\" data-orig-size=\"1040,780\" data-comments-opened=\"1\" data-image-meta=\"{&quot;aperture&quot;:&quot;0&quot;,&quot;credit&quot;:&quot;&quot;,&quot;camera&quot;:&quot;&quot;,&quot;caption&quot;:&quot;&quot;,&quot;created_timestamp&quot;:&quot;0&quot;,&quot;copyright&quot;:&quot;&quot;,&quot;focal_length&quot;:&quot;0&quot;,&quot;iso&quot;:&quot;0&quot;,&quot;shutter_speed&quot;:&quot;0&quot;,&quot;title&quot;:&quot;&quot;,&quot;orientation&quot;:&quot;0&quot;}\" data-image-title=\"WhatsApp Image 2019-11-06 at 6.28.34 PM (1)\" data-image-description=\"\" data-image-caption=\"\" data-large-file=\"https:\/\/eldiariodesanpedro.com.ar\/sitio\/wp-content\/uploads\/2019\/11\/WhatsApp-Image-2019-11-06-at-6.28.34-PM-1-1024x768.jpeg\" data-src=\"https:\/\/eldiariodesanpedro.com.ar\/sitio\/wp-content\/uploads\/2019\/11\/WhatsApp-Image-2019-11-06-at-6.28.34-PM-1-1024x768.jpeg\" alt=\"\" data-id=\"63620\" data-link=\"https:\/\/eldiariodesanpedro.com.ar\/sitio\/?attachment_id=63620\" class=\"wp-image-63620 lazyload\" data-srcset=\"https:\/\/eldiariodesanpedro.com.ar\/sitio\/wp-content\/uploads\/2019\/11\/WhatsApp-Image-2019-11-06-at-6.28.34-PM-1-1024x768.jpeg 1024w, https:\/\/eldiariodesanpedro.com.ar\/sitio\/wp-content\/uploads\/2019\/11\/WhatsApp-Image-2019-11-06-at-6.28.34-PM-1-300x225.jpeg 300w, https:\/\/eldiariodesanpedro.com.ar\/sitio\/wp-content\/uploads\/2019\/11\/WhatsApp-Image-2019-11-06-at-6.28.34-PM-1-768x576.jpeg 768w, https:\/\/eldiariodesanpedro.com.ar\/sitio\/wp-content\/uploads\/2019\/11\/WhatsApp-Image-2019-11-06-at-6.28.34-PM-1-500x375.jpeg 500w, https:\/\/eldiariodesanpedro.com.ar\/sitio\/wp-content\/uploads\/2019\/11\/WhatsApp-Image-2019-11-06-at-6.28.34-PM-1.jpeg 1040w\" data-sizes=\"(max-width: 1024px) 100vw, 1024px\" src=\"data:image\/svg+xml;base64,PHN2ZyB3aWR0aD0iMSIgaGVpZ2h0PSIxIiB4bWxucz0iaHR0cDovL3d3dy53My5vcmcvMjAwMC9zdmciPjwvc3ZnPg==\" style=\"--smush-placeholder-width: 1024px; --smush-placeholder-aspect-ratio: 1024\/768;\" \/><\/figure><\/li><li class=\"blocks-gallery-item\"><figure><img decoding=\"async\" width=\"517\" height=\"1024\" data-attachment-id=\"63619\" data-permalink=\"https:\/\/eldiariodesanpedro.com.ar\/sitio\/alumnos-de-la-escuela-industrial-lograron-el-primer-puesto-en-el-nacional-de-la-inet\/whatsapp-image-2019-11-06-at-6-28-33-pm\/\" data-orig-file=\"https:\/\/eldiariodesanpedro.com.ar\/sitio\/wp-content\/uploads\/2019\/11\/WhatsApp-Image-2019-11-06-at-6.28.33-PM.jpeg\" data-orig-size=\"646,1280\" data-comments-opened=\"1\" data-image-meta=\"{&quot;aperture&quot;:&quot;0&quot;,&quot;credit&quot;:&quot;&quot;,&quot;camera&quot;:&quot;&quot;,&quot;caption&quot;:&quot;&quot;,&quot;created_timestamp&quot;:&quot;0&quot;,&quot;copyright&quot;:&quot;&quot;,&quot;focal_length&quot;:&quot;0&quot;,&quot;iso&quot;:&quot;0&quot;,&quot;shutter_speed&quot;:&quot;0&quot;,&quot;title&quot;:&quot;&quot;,&quot;orientation&quot;:&quot;0&quot;}\" data-image-title=\"WhatsApp Image 2019-11-06 at 6.28.33 PM\" data-image-description=\"\" data-image-caption=\"\" data-large-file=\"https:\/\/eldiariodesanpedro.com.ar\/sitio\/wp-content\/uploads\/2019\/11\/WhatsApp-Image-2019-11-06-at-6.28.33-PM-517x1024.jpeg\" data-src=\"https:\/\/eldiariodesanpedro.com.ar\/sitio\/wp-content\/uploads\/2019\/11\/WhatsApp-Image-2019-11-06-at-6.28.33-PM-517x1024.jpeg\" alt=\"\" data-id=\"63619\" data-link=\"https:\/\/eldiariodesanpedro.com.ar\/sitio\/?attachment_id=63619\" class=\"wp-image-63619 lazyload\" data-srcset=\"https:\/\/eldiariodesanpedro.com.ar\/sitio\/wp-content\/uploads\/2019\/11\/WhatsApp-Image-2019-11-06-at-6.28.33-PM-517x1024.jpeg 517w, https:\/\/eldiariodesanpedro.com.ar\/sitio\/wp-content\/uploads\/2019\/11\/WhatsApp-Image-2019-11-06-at-6.28.33-PM-151x300.jpeg 151w, https:\/\/eldiariodesanpedro.com.ar\/sitio\/wp-content\/uploads\/2019\/11\/WhatsApp-Image-2019-11-06-at-6.28.33-PM.jpeg 646w\" data-sizes=\"(max-width: 517px) 100vw, 517px\" src=\"data:image\/svg+xml;base64,PHN2ZyB3aWR0aD0iMSIgaGVpZ2h0PSIxIiB4bWxucz0iaHR0cDovL3d3dy53My5vcmcvMjAwMC9zdmciPjwvc3ZnPg==\" style=\"--smush-placeholder-width: 517px; --smush-placeholder-aspect-ratio: 517\/1024;\" \/><\/figure><\/li><li class=\"blocks-gallery-item\"><figure><img decoding=\"async\" width=\"1024\" height=\"768\" data-attachment-id=\"63621\" data-permalink=\"https:\/\/eldiariodesanpedro.com.ar\/sitio\/alumnos-de-la-escuela-industrial-lograron-el-primer-puesto-en-el-nacional-de-la-inet\/whatsapp-image-2019-11-06-at-6-28-34-pm\/\" data-orig-file=\"https:\/\/eldiariodesanpedro.com.ar\/sitio\/wp-content\/uploads\/2019\/11\/WhatsApp-Image-2019-11-06-at-6.28.34-PM.jpeg\" data-orig-size=\"1040,780\" data-comments-opened=\"1\" data-image-meta=\"{&quot;aperture&quot;:&quot;0&quot;,&quot;credit&quot;:&quot;&quot;,&quot;camera&quot;:&quot;&quot;,&quot;caption&quot;:&quot;&quot;,&quot;created_timestamp&quot;:&quot;0&quot;,&quot;copyright&quot;:&quot;&quot;,&quot;focal_length&quot;:&quot;0&quot;,&quot;iso&quot;:&quot;0&quot;,&quot;shutter_speed&quot;:&quot;0&quot;,&quot;title&quot;:&quot;&quot;,&quot;orientation&quot;:&quot;0&quot;}\" data-image-title=\"WhatsApp Image 2019-11-06 at 6.28.34 PM\" data-image-description=\"\" data-image-caption=\"\" data-large-file=\"https:\/\/eldiariodesanpedro.com.ar\/sitio\/wp-content\/uploads\/2019\/11\/WhatsApp-Image-2019-11-06-at-6.28.34-PM-1024x768.jpeg\" data-src=\"https:\/\/eldiariodesanpedro.com.ar\/sitio\/wp-content\/uploads\/2019\/11\/WhatsApp-Image-2019-11-06-at-6.28.34-PM-1024x768.jpeg\" alt=\"\" data-id=\"63621\" data-link=\"https:\/\/eldiariodesanpedro.com.ar\/sitio\/?attachment_id=63621\" class=\"wp-image-63621 lazyload\" data-srcset=\"https:\/\/eldiariodesanpedro.com.ar\/sitio\/wp-content\/uploads\/2019\/11\/WhatsApp-Image-2019-11-06-at-6.28.34-PM-1024x768.jpeg 1024w, https:\/\/eldiariodesanpedro.com.ar\/sitio\/wp-content\/uploads\/2019\/11\/WhatsApp-Image-2019-11-06-at-6.28.34-PM-300x225.jpeg 300w, https:\/\/eldiariodesanpedro.com.ar\/sitio\/wp-content\/uploads\/2019\/11\/WhatsApp-Image-2019-11-06-at-6.28.34-PM-768x576.jpeg 768w, https:\/\/eldiariodesanpedro.com.ar\/sitio\/wp-content\/uploads\/2019\/11\/WhatsApp-Image-2019-11-06-at-6.28.34-PM-500x375.jpeg 500w, https:\/\/eldiariodesanpedro.com.ar\/sitio\/wp-content\/uploads\/2019\/11\/WhatsApp-Image-2019-11-06-at-6.28.34-PM.jpeg 1040w\" data-sizes=\"(max-width: 1024px) 100vw, 1024px\" src=\"data:image\/svg+xml;base64,PHN2ZyB3aWR0aD0iMSIgaGVpZ2h0PSIxIiB4bWxucz0iaHR0cDovL3d3dy53My5vcmcvMjAwMC9zdmciPjwvc3ZnPg==\" style=\"--smush-placeholder-width: 1024px; --smush-placeholder-aspect-ratio: 1024\/768;\" \/><\/figure><\/li><\/ul>\n\n\n\n<p>M\u00e1s de 700 estudiantes de todo el pa\u00eds participaron de las\u00a0<a href=\"http:\/\/www.inet.edu.ar\/index.php\/niveles-educativos\/educacion-secundaria-tecnica\/encuentros-educativos\/olimpiadas-nacionales-de-la-etp\/\">Olimp\u00edadas Nacionales de la Educaci\u00f3n T\u00e9cnico Profesional<\/a>, que se realizaron del 29 de octubre al 02 de noviembre en Tecn\u00f3polis.<\/p>\n\n\n\n<p>Se trata de estudiantes del \u00faltimo a\u00f1o de escuelas t\u00e9cnicas de las especialidades de\u00a0<em>Construcciones<\/em>,\u00a0<em>Electr\u00f3nica<\/em>,\u00a0<em>Electromec\u00e1nica<\/em>, y\u00a0<em>Programaci\u00f3n \/ Computaci\u00f3n \/ Inform\u00e1tica<\/em>, que pasaron por la instancia escolar-jurisdiccional. En esta etapa Nacional, participan tambi\u00e9n estudiantes de la modalidad Adultos. <\/p>\n\n\n\n<p>Con esta actividad acad\u00e9mica se busca que los estudiantes&nbsp;<strong>demuestren los conocimientos y capacidades<\/strong>&nbsp;construidos a lo largo de su trayectoria formativa; que&nbsp;<strong>pongan en pr\u00e1ctica habilidades<\/strong>&nbsp;como la b\u00fasqueda y procesamiento de informaci\u00f3n, el an\u00e1lisis cr\u00edtico, la b\u00fasqueda de soluciones creativas, el trabajo en equipo; y que&nbsp;<strong>intercambien experiencias<\/strong>&nbsp;con estudiantes de diferentes realidades sociales, culturales y tecnol\u00f3gicas.<\/p>\n\n\n\n<p>Del 26 al 30 de noviembre, estudiantes de las especialidades de\u00a0<em>Producci\u00f3n Agropecuaria<\/em>, y de\u00a0<em>Industria de Procesos \/ Qu\u00edmica \/ Tecnolog\u00eda de los Alimentos<\/em>\u00a0participar\u00e1n de la instancia nacional en Misiones.<\/p>\n\n\n\n<p><\/p>\n\n\n\n<p><br><\/p>\n","protected":false},"excerpt":{"rendered":"<p>Los alumnos de la Escuela de Educaci\u00f3n T\u00e9cnica N\u00ba1, pasaron a la instancia nacional de las Olimp\u00edadas INET, tras obtener excelentes resultados en las especialidades de Programaci\u00f3n Inform\u00e1tica, Electromec\u00e1nica y Qu\u00edmica del certamen que se llev\u00f3 a cabo en Mar del Plata. El equipo sampedrino estuvo formado por Rodrigo Castro, Luciano Gonz\u00e1lez, Jorge Camarasa, Nahuel [&hellip;]<\/p>\n","protected":false},"author":4,"featured_media":63621,"comment_status":"open","ping_status":"closed","sticky":false,"template":"","format":"standard","meta":{"om_disable_all_campaigns":false,"_jetpack_memberships_contains_paid_content":false,"footnotes":""},"categories":[101,2],"tags":[],"class_list":["post-63618","post","type-post","status-publish","format-standard","has-post-thumbnail","hentry","category-interes-general-locales","category-locales"],"aioseo_notices":[],"gutentor_comment":0,"jetpack_featured_media_url":"https:\/\/eldiariodesanpedro.com.ar\/sitio\/wp-content\/uploads\/2019\/11\/WhatsApp-Image-2019-11-06-at-6.28.34-PM.jpeg","jetpack_shortlink":"https:\/\/wp.me\/p6RhLt-gy6","jetpack_sharing_enabled":true,"_links":{"self":[{"href":"https:\/\/eldiariodesanpedro.com.ar\/sitio\/wp-json\/wp\/v2\/posts\/63618","targetHints":{"allow":["GET"]}}],"collection":[{"href":"https:\/\/eldiariodesanpedro.com.ar\/sitio\/wp-json\/wp\/v2\/posts"}],"about":[{"href":"https:\/\/eldiariodesanpedro.com.ar\/sitio\/wp-json\/wp\/v2\/types\/post"}],"author":[{"embeddable":true,"href":"https:\/\/eldiariodesanpedro.com.ar\/sitio\/wp-json\/wp\/v2\/users\/4"}],"replies":[{"embeddable":true,"href":"https:\/\/eldiariodesanpedro.com.ar\/sitio\/wp-json\/wp\/v2\/comments?post=63618"}],"version-history":[{"count":1,"href":"https:\/\/eldiariodesanpedro.com.ar\/sitio\/wp-json\/wp\/v2\/posts\/63618\/revisions"}],"predecessor-version":[{"id":63622,"href":"https:\/\/eldiariodesanpedro.com.ar\/sitio\/wp-json\/wp\/v2\/posts\/63618\/revisions\/63622"}],"wp:featuredmedia":[{"embeddable":true,"href":"https:\/\/eldiariodesanpedro.com.ar\/sitio\/wp-json\/wp\/v2\/media\/63621"}],"wp:attachment":[{"href":"https:\/\/eldiariodesanpedro.com.ar\/sitio\/wp-json\/wp\/v2\/media?parent=63618"}],"wp:term":[{"taxonomy":"category","embeddable":true,"href":"https:\/\/eldiariodesanpedro.com.ar\/sitio\/wp-json\/wp\/v2\/categories?post=63618"},{"taxonomy":"post_tag","embeddable":true,"href":"https:\/\/eldiariodesanpedro.com.ar\/sitio\/wp-json\/wp\/v2\/tags?post=63618"}],"curies":[{"name":"wp","href":"https:\/\/api.w.org\/{rel}","templated":true}]}}