{"id":63615,"date":"2019-11-07T09:29:51","date_gmt":"2019-11-07T12:29:51","guid":{"rendered":"https:\/\/eldiariodesanpedro.com.ar\/sitio\/?p=63615"},"modified":"2019-11-07T09:29:56","modified_gmt":"2019-11-07T12:29:56","slug":"vialidad-nacional-trabaja-sobre-la-ruta-provincial-1001","status":"publish","type":"post","link":"https:\/\/eldiariodesanpedro.com.ar\/sitio\/vialidad-nacional-trabaja-sobre-la-ruta-provincial-1001\/","title":{"rendered":"Vialidad Nacional trabaja sobre la Ruta Provincial 1001"},"content":{"rendered":"<!-- VideographyWP Plugin Message: Automatic video embedding prevented by plugin options. -->\n\n<p>El trabajo comenz\u00f3  este mi\u00e9rcoles, vial nacional comenz\u00f3 con los trabajos de reparaci\u00f3n primeramente sobre el puente de la Ruta 9.<\/p>\n\n\n\n<p> El constante reclamo de usuarios y autoridades por el mal estado de la ruta  finalmente dio resultado. <\/p>\n\n\n\n<p>Se esperan maquinarias pesadas para la semana pr\u00f3xima donde se realizaran los bacheos profundos  con suelo de cemento y un poco de frezado, con una capa de 8 cm.<\/p>\n\n\n\n<p>La Ruta Provincial 1001 es una carretera interurbana de vital importancia, ya que en dicha zona funciona como alternativa de la RN 9 y tambi\u00e9n de la Ruta Provincial 191, en cuanto al acceso a la ciudad de San Pedro.<\/p>\n\n\n\n<p>En tanto, Vialidad Nacional solicita a los conductores circular con precauci\u00f3n en zona de obras y acatar las indicaciones de se\u00f1alizaci\u00f3n.<\/p>\n","protected":false},"excerpt":{"rendered":"<p>El trabajo comenz\u00f3 este mi\u00e9rcoles, vial nacional comenz\u00f3 con los trabajos de reparaci\u00f3n primeramente sobre el puente de la Ruta 9. El constante reclamo de usuarios y autoridades por el mal estado de la ruta finalmente dio resultado. Se esperan maquinarias pesadas para la semana pr\u00f3xima donde se realizaran los bacheos profundos con suelo de [&hellip;]<\/p>\n","protected":false},"author":4,"featured_media":63616,"comment_status":"open","ping_status":"closed","sticky":false,"template":"","format":"standard","meta":{"om_disable_all_campaigns":false,"_jetpack_memberships_contains_paid_content":false,"footnotes":""},"categories":[101,2],"tags":[],"class_list":["post-63615","post","type-post","status-publish","format-standard","has-post-thumbnail","hentry","category-interes-general-locales","category-locales"],"aioseo_notices":[],"gutentor_comment":0,"jetpack_featured_media_url":"https:\/\/eldiariodesanpedro.com.ar\/sitio\/wp-content\/uploads\/2019\/11\/Ruta-1001-bacheo-tres.jpg","jetpack_shortlink":"https:\/\/wp.me\/p6RhLt-gy3","jetpack_sharing_enabled":true,"_links":{"self":[{"href":"https:\/\/eldiariodesanpedro.com.ar\/sitio\/wp-json\/wp\/v2\/posts\/63615","targetHints":{"allow":["GET"]}}],"collection":[{"href":"https:\/\/eldiariodesanpedro.com.ar\/sitio\/wp-json\/wp\/v2\/posts"}],"about":[{"href":"https:\/\/eldiariodesanpedro.com.ar\/sitio\/wp-json\/wp\/v2\/types\/post"}],"author":[{"embeddable":true,"href":"https:\/\/eldiariodesanpedro.com.ar\/sitio\/wp-json\/wp\/v2\/users\/4"}],"replies":[{"embeddable":true,"href":"https:\/\/eldiariodesanpedro.com.ar\/sitio\/wp-json\/wp\/v2\/comments?post=63615"}],"version-history":[{"count":1,"href":"https:\/\/eldiariodesanpedro.com.ar\/sitio\/wp-json\/wp\/v2\/posts\/63615\/revisions"}],"predecessor-version":[{"id":63617,"href":"https:\/\/eldiariodesanpedro.com.ar\/sitio\/wp-json\/wp\/v2\/posts\/63615\/revisions\/63617"}],"wp:featuredmedia":[{"embeddable":true,"href":"https:\/\/eldiariodesanpedro.com.ar\/sitio\/wp-json\/wp\/v2\/media\/63616"}],"wp:attachment":[{"href":"https:\/\/eldiariodesanpedro.com.ar\/sitio\/wp-json\/wp\/v2\/media?parent=63615"}],"wp:term":[{"taxonomy":"category","embeddable":true,"href":"https:\/\/eldiariodesanpedro.com.ar\/sitio\/wp-json\/wp\/v2\/categories?post=63615"},{"taxonomy":"post_tag","embeddable":true,"href":"https:\/\/eldiariodesanpedro.com.ar\/sitio\/wp-json\/wp\/v2\/tags?post=63615"}],"curies":[{"name":"wp","href":"https:\/\/api.w.org\/{rel}","templated":true}]}}